{"id":2871,"date":"2024-03-29T13:29:16","date_gmt":"2024-03-29T12:29:16","guid":{"rendered":"http:\/\/pcf08.com\/?p=2871"},"modified":"2024-03-29T13:29:16","modified_gmt":"2024-03-29T12:29:16","slug":"centres-sociaux-sylvain-dalla-rosa-ecrit-a-la-ministre-c-vautrin","status":"publish","type":"post","link":"https:\/\/pcf08.com\/index.php\/2024\/03\/29\/centres-sociaux-sylvain-dalla-rosa-ecrit-a-la-ministre-c-vautrin\/","title":{"rendered":"Centres sociaux\u00a0: Sylvain Dalla-Rosa \u00e9crit \u00e0 la ministre C. Vautrin"},"content":{"rendered":"<p align=\"justify\"><span style=\"font-family: Calibri, sans-serif;\">\u00ab\u00a0Inscrits dans le paysage social depuis des d\u00e9cennies les centres sociaux jouent un r\u00f4le d\u2019animation irrempla\u00e7able. Confront\u00e9s \u00e0 d\u2019importantes difficult\u00e9s financi\u00e8res ces derni\u00e8res ann\u00e9es plusieurs structures sont au bord de la liquidation. D\u00e9j\u00e0 les premiers effets se font sentir avec la fermeture du centre social de Revin (Ardennes) Souvent les centres sociaux sont l\u2019unique structure sociale dans les quartiers. Ainsi, \u00e0 Charleville-M\u00e9zi\u00e8res, c\u2019est le SARC de la Ronde Couture et celui de Manchester qui couvrent les plus grands quartiers du d\u00e9partement et qui se retrouvent dans un \u00e9quilibre pr\u00e9caire. <\/span><\/p>\n<p align=\"justify\"><span style=\"font-family: Calibri, sans-serif;\">Les Centres sociaux et les Espaces de vie sociale emploient quelques 484 personnes dans les Ardennes. Ils assument leur fonctionnement essentiellement gr\u00e2ce aux collectivit\u00e9s et \u00e0 la Caisse d\u2019Allocations Familiales (CAF). Le vice pr\u00e9sident de l\u2019Association des Maires de France vient de d\u00e9clarer \u00ab\u00a0les communes sont \u00e9touff\u00e9es\u2026&#8230;nous devons couper dans les d\u00e9penses\u00a0\u00bb. Selon la CNAF se sont pr\u00e8s de 600 centres qui sont en difficult\u00e9s. <\/span><\/p>\n<p align=\"justify\"><span style=\"font-family: Calibri, sans-serif;\">Le gouvernement doit agir pour aider les centres sociaux \u00e0 surmonter les difficult\u00e9s actuelles. Des d\u00e9cisions doivent \u00eatre prises en urgence. Selon les statistiques de 2023 ce sont 484 salari\u00e9s qui sont concern\u00e9s dans notre d\u00e9partement. Sur le plan financier nationalement les centres sociaux et espace de vie sociale mobilisent un budget global de pr\u00e8s de 14 millions d\u2019euros. La disparition de centres sociaux serait un coup dur pour la coh\u00e9sion sociale dans les quartiers.<\/span><\/p>\n<p align=\"justify\"><span style=\"font-family: Calibri, sans-serif;\">Qu\u2019allez vous faire pour enrayer cette spirale infernale ?\u00a0\u00bb<\/span><\/p>\n","protected":false},"excerpt":{"rendered":"<p>\u00ab\u00a0Inscrits dans le paysage social depuis des d\u00e9cennies les centres sociaux jouent un r\u00f4le d\u2019animation irrempla\u00e7able. Confront\u00e9s \u00e0 d\u2019importantes difficult\u00e9s financi\u00e8res ces derni\u00e8res ann\u00e9es plusieurs structures sont au bord de la liquidation. D\u00e9j\u00e0 les premiers effets se font sentir avec la fermeture du centre social de Revin (Ardennes) Souvent les centres sociaux sont l\u2019unique structure [&hellip;]<\/p>\n","protected":false},"author":4,"featured_media":0,"comment_status":"closed","ping_status":"open","sticky":false,"template":"","format":"standard","meta":{"saved_in_kubio":false,"footnotes":""},"categories":[1],"tags":[],"class_list":["post-2871","post","type-post","status-publish","format-standard","hentry","category-non-classe"],"_links":{"self":[{"href":"https:\/\/pcf08.com\/index.php\/wp-json\/wp\/v2\/posts\/2871","targetHints":{"allow":["GET"]}}],"collection":[{"href":"https:\/\/pcf08.com\/index.php\/wp-json\/wp\/v2\/posts"}],"about":[{"href":"https:\/\/pcf08.com\/index.php\/wp-json\/wp\/v2\/types\/post"}],"author":[{"embeddable":true,"href":"https:\/\/pcf08.com\/index.php\/wp-json\/wp\/v2\/users\/4"}],"replies":[{"embeddable":true,"href":"https:\/\/pcf08.com\/index.php\/wp-json\/wp\/v2\/comments?post=2871"}],"version-history":[{"count":1,"href":"https:\/\/pcf08.com\/index.php\/wp-json\/wp\/v2\/posts\/2871\/revisions"}],"predecessor-version":[{"id":2872,"href":"https:\/\/pcf08.com\/index.php\/wp-json\/wp\/v2\/posts\/2871\/revisions\/2872"}],"wp:attachment":[{"href":"https:\/\/pcf08.com\/index.php\/wp-json\/wp\/v2\/media?parent=2871"}],"wp:term":[{"taxonomy":"category","embeddable":true,"href":"https:\/\/pcf08.com\/index.php\/wp-json\/wp\/v2\/categories?post=2871"},{"taxonomy":"post_tag","embeddable":true,"href":"https:\/\/pcf08.com\/index.php\/wp-json\/wp\/v2\/tags?post=2871"}],"curies":[{"name":"wp","href":"https:\/\/api.w.org\/{rel}","templated":true}]}}