{"id":2868,"date":"2024-03-29T13:28:31","date_gmt":"2024-03-29T12:28:31","guid":{"rendered":"http:\/\/pcf08.com\/?p=2868"},"modified":"2024-03-29T13:28:31","modified_gmt":"2024-03-29T12:28:31","slug":"des-investissements-qui-oublient-les-quartiers","status":"publish","type":"post","link":"https:\/\/pcf08.com\/index.php\/2024\/03\/29\/des-investissements-qui-oublient-les-quartiers\/","title":{"rendered":"Des investissements qui oublient les quartiers"},"content":{"rendered":"<p align=\"justify\"><span style=\"font-family: Calibri, sans-serif;\"><img loading=\"lazy\" decoding=\"async\" class=\"size-full wp-image-2869 alignleft\" src=\"https:\/\/pcf08.com\/wp-content\/uploads\/2024\/03\/cg-1.jpg\" alt=\"\" width=\"219\" height=\"135\" \/>Le Conseil d\u00e9partemental des Ardennes vient de rendre public les gros investissements qu\u2019il entend r\u00e9aliser avant la fin du mandat. Les plus importantes r\u00e9alisations retenues, sont au nombre de quatre (maison du sport, lac des vieilles Forges et de Bairon et un coll\u00e8ge dans la Vall\u00e9e). Cette programmation atteint un montant pr\u00e9visionnel sur le plan financier \u00e0 hauteur de 43 millions d\u2019euros. Certes la situation actuelle est difficile financi\u00e8rement pour les collectivit\u00e9s mais le choix fait pour les investissements est discutable. Ainsi, rien ne semble programm\u00e9 pour Charleville-M\u00e9zi\u00e8res. La construction d\u2019un coll\u00e8ge unique pour le quartier de la Ronde Couture est d\u00e9finitivement enterr\u00e9. Les \u00e9lus d\u00e9partementaux ont d\u00e9cid\u00e9 de laisser tomber le quartier le plus peupl\u00e9 des Ardennes. Il faut supposer qu\u2019il en est de m\u00eame pour une \u00e9ventuelle subvention \u00e0 la Communaut\u00e9 d\u2019agglom\u00e9ration afin de construire une nouvelle piscine.<\/span><\/p>\n<p align=\"justify\"><span style=\"font-family: Calibri, sans-serif;\">Il ne s\u2019agit pas de faire de la surench\u00e8re mais de bien cerner les priorit\u00e9s dont a besoin notre d\u00e9partement. Les priorit\u00e9s retenues ont elles \u00e9t\u00e9 n\u00e9goci\u00e9es avec les communes. Il serait int\u00e9ressant de conna\u00eetre la position du maire de Charleville-M\u00e9zi\u00e8res sur les investissements que le pr\u00e9sident du Conseil d\u00e9partemental a fait voter par son assembl\u00e9e. <\/span><\/p>\n<p align=\"justify\"><span style=\"font-family: Calibri, sans-serif;\">Les d\u00e9cisions prises font \u00e9cho aux orientations que vient d\u2019afficher le gouvernement. Le quartier de la Ronde Couture (class\u00e9 zone franche) et celui de Manchester font partie des endroits les plus en difficult\u00e9 sociale. Des investissements dans ces quartiers montreraient \u00e0 la population qu\u2019elle n\u2019est pas abandonn\u00e9e.<\/span><\/p>\n<p align=\"right\"><span style=\"font-family: Calibri, sans-serif;\"> Sylvain DALLA ROSA<\/span><\/p>\n","protected":false},"excerpt":{"rendered":"<p>Le Conseil d\u00e9partemental des Ardennes vient de rendre public les gros investissements qu\u2019il entend r\u00e9aliser avant la fin du mandat. Les plus importantes r\u00e9alisations retenues, sont au nombre de quatre (maison du sport, lac des vieilles Forges et de Bairon et un coll\u00e8ge dans la Vall\u00e9e). Cette programmation atteint un montant pr\u00e9visionnel sur le plan [&hellip;]<\/p>\n","protected":false},"author":4,"featured_media":0,"comment_status":"closed","ping_status":"open","sticky":false,"template":"","format":"standard","meta":{"saved_in_kubio":false,"footnotes":""},"categories":[1],"tags":[],"class_list":["post-2868","post","type-post","status-publish","format-standard","hentry","category-non-classe"],"_links":{"self":[{"href":"https:\/\/pcf08.com\/index.php\/wp-json\/wp\/v2\/posts\/2868","targetHints":{"allow":["GET"]}}],"collection":[{"href":"https:\/\/pcf08.com\/index.php\/wp-json\/wp\/v2\/posts"}],"about":[{"href":"https:\/\/pcf08.com\/index.php\/wp-json\/wp\/v2\/types\/post"}],"author":[{"embeddable":true,"href":"https:\/\/pcf08.com\/index.php\/wp-json\/wp\/v2\/users\/4"}],"replies":[{"embeddable":true,"href":"https:\/\/pcf08.com\/index.php\/wp-json\/wp\/v2\/comments?post=2868"}],"version-history":[{"count":1,"href":"https:\/\/pcf08.com\/index.php\/wp-json\/wp\/v2\/posts\/2868\/revisions"}],"predecessor-version":[{"id":2870,"href":"https:\/\/pcf08.com\/index.php\/wp-json\/wp\/v2\/posts\/2868\/revisions\/2870"}],"wp:attachment":[{"href":"https:\/\/pcf08.com\/index.php\/wp-json\/wp\/v2\/media?parent=2868"}],"wp:term":[{"taxonomy":"category","embeddable":true,"href":"https:\/\/pcf08.com\/index.php\/wp-json\/wp\/v2\/categories?post=2868"},{"taxonomy":"post_tag","embeddable":true,"href":"https:\/\/pcf08.com\/index.php\/wp-json\/wp\/v2\/tags?post=2868"}],"curies":[{"name":"wp","href":"https:\/\/api.w.org\/{rel}","templated":true}]}}