{"id":2865,"date":"2024-03-29T13:27:28","date_gmt":"2024-03-29T12:27:28","guid":{"rendered":"http:\/\/pcf08.com\/?p=2865"},"modified":"2024-03-29T13:27:28","modified_gmt":"2024-03-29T12:27:28","slug":"librairie-qui-ferme-coup-dur-pour-le-quartier","status":"publish","type":"post","link":"https:\/\/pcf08.com\/index.php\/2024\/03\/29\/librairie-qui-ferme-coup-dur-pour-le-quartier\/","title":{"rendered":"Librairie qui ferme, coup dur pour le quartier"},"content":{"rendered":"<p align=\"justify\"><span style=\"font-family: Calibri, sans-serif;\"><img loading=\"lazy\" decoding=\"async\" class=\"size-medium wp-image-2866 alignleft\" src=\"https:\/\/pcf08.com\/wp-content\/uploads\/2024\/03\/livres-284x300.jpg\" alt=\"\" width=\"284\" height=\"300\" srcset=\"https:\/\/pcf08.com\/wp-content\/uploads\/2024\/03\/livres-284x300.jpg 284w, https:\/\/pcf08.com\/wp-content\/uploads\/2024\/03\/livres.jpg 599w\" sizes=\"(max-width: 284px) 100vw, 284px\" \/>La fermeture annonc\u00e9e de la librairie de Mohon est un double mauvais coup port\u00e9 \u00e0 ce quartier de Charleville-M\u00e9zi\u00e8res. Tout d\u2019abord c\u2019est un recul de la culture qui est programm\u00e9. Cette fermeture a \u00e9galement pour cons\u00e9quence l\u2019acc\u00e9l\u00e9ration de la d\u00e9sertification du quartier. La ville de Charleville-M\u00e9zi\u00e8res, qui est compos\u00e9e de communes issues de la fusion de 1966, centralise son p\u00f4le commercial dans le centre-ville autour de la place Ducale. Malgr\u00e9 une gesticulation des \u00e9lus majoritaires peu de propositions concr\u00e8tes sont formul\u00e9es et mises en \u0153uvre par la mairie. On laisse d\u00e9p\u00e9rir un quartier qui est historiquement peupl\u00e9 par des cheminots \u00e0 l\u2019\u00e9poque du d\u00e9veloppement de la SNCF. Preuve de cette histoire l\u2019existence de Rotondes SNCF qui sont class\u00e9es.<\/span><\/p>\n<p align=\"justify\"><span style=\"font-family: Calibri, sans-serif;\">Le commerce de proximit\u00e9 avait d\u00e9j\u00e0 subi des fermetures suite au confinement d\u00fb au COVID. R\u00e9cemment a \u00e9t\u00e9 organis\u00e9e la remise des troph\u00e9es des entreprises. C\u2019est l\u2019arbre qui cache la for\u00eat. Compte tenu des liquidations commerciales on peut penser que c\u2019est de la communication et de la \u00ab\u00a0poudre aux yeux\u00a0\u00bb. Ainsi, un point important pourrait se concr\u00e9tiser rapidement celui de refuser l\u2019ouverture du dimanche pour les grandes surfaces. Des animations r\u00e9guli\u00e8res dans les quartiers permettraient de rendre ceux-ci attractifs. Comme le font les habitants qui annuellement organisent \u00e0 Mohon une brocante tr\u00e8s fr\u00e9quent\u00e9e. Autre point qui touche les quartiers il s\u2019agit de la baisse d\u00e9mographique. La ville est largement pass\u00e9e sous le seuil des 50 000 habitants.<\/span><\/p>\n<p><span style=\"font-family: Calibri, sans-serif;\">Il est urgent d\u2019agir pour \u00e9viter de transformer les quartiers en d\u00e9sert et cit\u00e9s dortoirs. <\/span><\/p>\n<p align=\"right\"><span style=\"font-family: Calibri, sans-serif;\"> Sylvain DALLA ROSA <\/span><\/p>\n","protected":false},"excerpt":{"rendered":"<p>La fermeture annonc\u00e9e de la librairie de Mohon est un double mauvais coup port\u00e9 \u00e0 ce quartier de Charleville-M\u00e9zi\u00e8res. Tout d\u2019abord c\u2019est un recul de la culture qui est programm\u00e9. Cette fermeture a \u00e9galement pour cons\u00e9quence l\u2019acc\u00e9l\u00e9ration de la d\u00e9sertification du quartier. La ville de Charleville-M\u00e9zi\u00e8res, qui est compos\u00e9e de communes issues de la fusion [&hellip;]<\/p>\n","protected":false},"author":4,"featured_media":0,"comment_status":"closed","ping_status":"open","sticky":false,"template":"","format":"standard","meta":{"saved_in_kubio":false,"footnotes":""},"categories":[1],"tags":[],"class_list":["post-2865","post","type-post","status-publish","format-standard","hentry","category-non-classe"],"_links":{"self":[{"href":"https:\/\/pcf08.com\/index.php\/wp-json\/wp\/v2\/posts\/2865","targetHints":{"allow":["GET"]}}],"collection":[{"href":"https:\/\/pcf08.com\/index.php\/wp-json\/wp\/v2\/posts"}],"about":[{"href":"https:\/\/pcf08.com\/index.php\/wp-json\/wp\/v2\/types\/post"}],"author":[{"embeddable":true,"href":"https:\/\/pcf08.com\/index.php\/wp-json\/wp\/v2\/users\/4"}],"replies":[{"embeddable":true,"href":"https:\/\/pcf08.com\/index.php\/wp-json\/wp\/v2\/comments?post=2865"}],"version-history":[{"count":1,"href":"https:\/\/pcf08.com\/index.php\/wp-json\/wp\/v2\/posts\/2865\/revisions"}],"predecessor-version":[{"id":2867,"href":"https:\/\/pcf08.com\/index.php\/wp-json\/wp\/v2\/posts\/2865\/revisions\/2867"}],"wp:attachment":[{"href":"https:\/\/pcf08.com\/index.php\/wp-json\/wp\/v2\/media?parent=2865"}],"wp:term":[{"taxonomy":"category","embeddable":true,"href":"https:\/\/pcf08.com\/index.php\/wp-json\/wp\/v2\/categories?post=2865"},{"taxonomy":"post_tag","embeddable":true,"href":"https:\/\/pcf08.com\/index.php\/wp-json\/wp\/v2\/tags?post=2865"}],"curies":[{"name":"wp","href":"https:\/\/api.w.org\/{rel}","templated":true}]}}