{"id":2852,"date":"2024-03-21T10:17:00","date_gmt":"2024-03-21T09:17:00","guid":{"rendered":"http:\/\/pcf08.com\/?p=2852"},"modified":"2024-03-21T10:17:00","modified_gmt":"2024-03-21T09:17:00","slug":"les-centres-sociaux-dans-la-tourmente","status":"publish","type":"post","link":"https:\/\/pcf08.com\/index.php\/2024\/03\/21\/les-centres-sociaux-dans-la-tourmente\/","title":{"rendered":"Les centres sociaux dans la tourmente"},"content":{"rendered":"<p align=\"justify\"><span style=\"font-family: Calibri, sans-serif;\"><span style=\"font-size: small;\"><img loading=\"lazy\" decoding=\"async\" class=\"size-medium wp-image-2853 alignleft\" src=\"https:\/\/pcf08.com\/wp-content\/uploads\/2024\/03\/centre-social-300x300.jpg\" alt=\"\" width=\"300\" height=\"300\" srcset=\"https:\/\/pcf08.com\/wp-content\/uploads\/2024\/03\/centre-social-300x300.jpg 300w, https:\/\/pcf08.com\/wp-content\/uploads\/2024\/03\/centre-social-150x150.jpg 150w, https:\/\/pcf08.com\/wp-content\/uploads\/2024\/03\/centre-social.jpg 768w\" sizes=\"(max-width: 300px) 100vw, 300px\" \/>Depuis plusieurs ann\u00e9es, le secteur associatif n\u2019est g\u00e9n\u00e9ralement plus subventionn\u00e9 pour son fonctionnement. Les associations ne per\u00e7oivent d\u2019\u00e9ventuelles aides publiques que sur la base de dossiers d\u00e9pos\u00e9s en amont pour mener des actions li\u00e9es \u00e0 leur objet. Ces aides publiques sont toutes en baisse. Et, quand ces structures sont brutalement confront\u00e9es \u00e0 un choc financier, comme aujourd\u2019hui avec l\u2019inflation et les co\u00fbts \u00e9nerg\u00e9tiques, la catastrophe n\u2019est pas loin. <\/span><\/span><\/p>\n<p align=\"justify\"><span style=\"font-family: Calibri, sans-serif;\"><span style=\"font-size: small;\">Les Centres Sociaux subissent cette situation, cumul\u00e9e avec la n\u00e9cessaire augmentation des salaires octroy\u00e9e depuis janvier dernier. Leurs budgets ne peuvent d\u2019autant pas suivre qu\u2019ils sont g\u00e9n\u00e9ralement situ\u00e9s dans des quartiers et territoires ruraux parmi les plus pauvres. Cette r\u00e9alit\u00e9 est nationale, mais elle est encore plus pr\u00e9gnante dans les Ardennes o\u00f9 le taux de pauvret\u00e9 est parmi les plus \u00e9lev\u00e9s de France. Tous les Centres Sociaux du d\u00e9partement tirent la sonnette d\u2019alarme. Il en va de leur survie \u00e0 tr\u00e8s court terme. Celui de Revin a d\u00e9j\u00e0 mis la cl\u00e9 sous la porte. Pourtant, l\u00e0 o\u00f9 ils sont implant\u00e9s, ils sont souvent les seuls structures \u00e0 maintenir un lien social, \u00e0 mener des actions d\u2019\u00e9ducation populaire. Ils sont un lieu de rencontre essentiel pour les familles, pour la jeunesse.<\/span><\/span><\/p>\n<p align=\"justify\"><span style=\"font-family: Calibri, sans-serif;\"><span style=\"font-size: small;\">Il serait impensable de laisser s\u2019aggraver cette situation. C\u2019est la responsabilit\u00e9, d\u2019abord de L\u2019\u00c9tat, mais aussi des collectivit\u00e9s locales et de la CAF, de prendre d\u2019urgence les mesures n\u00e9cessaires \u00e0 la poursuite des activit\u00e9s de nos Centres Sociaux.<\/span><\/span><\/p>\n<p align=\"right\"><span style=\"font-family: Calibri, sans-serif;\"><span style=\"font-size: small;\">Patrick TASSIN<\/span><\/span><\/p>\n","protected":false},"excerpt":{"rendered":"<p>Depuis plusieurs ann\u00e9es, le secteur associatif n\u2019est g\u00e9n\u00e9ralement plus subventionn\u00e9 pour son fonctionnement. Les associations ne per\u00e7oivent d\u2019\u00e9ventuelles aides publiques que sur la base de dossiers d\u00e9pos\u00e9s en amont pour mener des actions li\u00e9es \u00e0 leur objet. Ces aides publiques sont toutes en baisse. Et, quand ces structures sont brutalement confront\u00e9es \u00e0 un choc financier, [&hellip;]<\/p>\n","protected":false},"author":4,"featured_media":0,"comment_status":"closed","ping_status":"open","sticky":false,"template":"","format":"standard","meta":{"saved_in_kubio":false,"footnotes":""},"categories":[1],"tags":[],"class_list":["post-2852","post","type-post","status-publish","format-standard","hentry","category-non-classe"],"_links":{"self":[{"href":"https:\/\/pcf08.com\/index.php\/wp-json\/wp\/v2\/posts\/2852","targetHints":{"allow":["GET"]}}],"collection":[{"href":"https:\/\/pcf08.com\/index.php\/wp-json\/wp\/v2\/posts"}],"about":[{"href":"https:\/\/pcf08.com\/index.php\/wp-json\/wp\/v2\/types\/post"}],"author":[{"embeddable":true,"href":"https:\/\/pcf08.com\/index.php\/wp-json\/wp\/v2\/users\/4"}],"replies":[{"embeddable":true,"href":"https:\/\/pcf08.com\/index.php\/wp-json\/wp\/v2\/comments?post=2852"}],"version-history":[{"count":1,"href":"https:\/\/pcf08.com\/index.php\/wp-json\/wp\/v2\/posts\/2852\/revisions"}],"predecessor-version":[{"id":2854,"href":"https:\/\/pcf08.com\/index.php\/wp-json\/wp\/v2\/posts\/2852\/revisions\/2854"}],"wp:attachment":[{"href":"https:\/\/pcf08.com\/index.php\/wp-json\/wp\/v2\/media?parent=2852"}],"wp:term":[{"taxonomy":"category","embeddable":true,"href":"https:\/\/pcf08.com\/index.php\/wp-json\/wp\/v2\/categories?post=2852"},{"taxonomy":"post_tag","embeddable":true,"href":"https:\/\/pcf08.com\/index.php\/wp-json\/wp\/v2\/tags?post=2852"}],"curies":[{"name":"wp","href":"https:\/\/api.w.org\/{rel}","templated":true}]}}