{"id":2830,"date":"2024-03-07T11:28:22","date_gmt":"2024-03-07T10:28:22","guid":{"rendered":"http:\/\/pcf08.com\/?p=2830"},"modified":"2024-03-07T11:28:22","modified_gmt":"2024-03-07T10:28:22","slug":"deces-de-bernard-chateau-veteran-du-p-c-f","status":"publish","type":"post","link":"https:\/\/pcf08.com\/index.php\/2024\/03\/07\/deces-de-bernard-chateau-veteran-du-p-c-f\/","title":{"rendered":"D\u00e9c\u00e8s de Bernard CHATEAU V\u00e9t\u00e9ran du P.C.F"},"content":{"rendered":"<p align=\"justify\"><span style=\"font-family: Calibri, sans-serif;\"><span style=\"font-size: small;\"><img loading=\"lazy\" decoding=\"async\" class=\"size-medium wp-image-2831 alignleft\" src=\"https:\/\/pcf08.com\/wp-content\/uploads\/2024\/03\/Bernard-Chateau-225x300.jpg\" alt=\"\" width=\"225\" height=\"300\" srcset=\"https:\/\/pcf08.com\/wp-content\/uploads\/2024\/03\/Bernard-Chateau-225x300.jpg 225w, https:\/\/pcf08.com\/wp-content\/uploads\/2024\/03\/Bernard-Chateau.jpg 720w\" sizes=\"(max-width: 225px) 100vw, 225px\" \/>Bernard a adh\u00e9r\u00e9 \u00e0 la Jeunesse Communiste en 1956 puis au Parti Communiste en 1957. Il a \u00e9t\u00e9 secr\u00e9taire F\u00e9d\u00e9ral de la Jeunesse Communiste des Ardennes de 1959 \u00e0 1961 et secr\u00e9taire \u00e0 l&rsquo;organisation de la F\u00e9d\u00e9ration des Ardennes du P.C.F de 1963 \u00e0 1970. \u00c9lu conseiller municipal de Bogny-sur-Meuse de 1977 \u00e0 1980, il a \u00e9t\u00e9 3\u00e8me adjoint au maire communiste de 1980 \u00e0 1983 et \u00e0 nouveau conseiller municipal de 1995 \u00e0 2001. <\/span><\/span><\/p>\n<p align=\"justify\"><span style=\"font-family: Calibri, sans-serif;\"><span style=\"font-size: small;\">La F\u00e9d\u00e9ration des Ardennes du P.C.F pr\u00e9sente ses condol\u00e9ances \u00e0 sa famille et \u00e0 ses proches.<\/span><\/span><\/p>\n","protected":false},"excerpt":{"rendered":"<p>Bernard a adh\u00e9r\u00e9 \u00e0 la Jeunesse Communiste en 1956 puis au Parti Communiste en 1957. Il a \u00e9t\u00e9 secr\u00e9taire F\u00e9d\u00e9ral de la Jeunesse Communiste des Ardennes de 1959 \u00e0 1961 et secr\u00e9taire \u00e0 l&rsquo;organisation de la F\u00e9d\u00e9ration des Ardennes du P.C.F de 1963 \u00e0 1970. \u00c9lu conseiller municipal de Bogny-sur-Meuse de 1977 \u00e0 1980, il [&hellip;]<\/p>\n","protected":false},"author":4,"featured_media":0,"comment_status":"closed","ping_status":"open","sticky":false,"template":"","format":"standard","meta":{"saved_in_kubio":false,"footnotes":""},"categories":[1],"tags":[],"class_list":["post-2830","post","type-post","status-publish","format-standard","hentry","category-non-classe"],"_links":{"self":[{"href":"https:\/\/pcf08.com\/index.php\/wp-json\/wp\/v2\/posts\/2830","targetHints":{"allow":["GET"]}}],"collection":[{"href":"https:\/\/pcf08.com\/index.php\/wp-json\/wp\/v2\/posts"}],"about":[{"href":"https:\/\/pcf08.com\/index.php\/wp-json\/wp\/v2\/types\/post"}],"author":[{"embeddable":true,"href":"https:\/\/pcf08.com\/index.php\/wp-json\/wp\/v2\/users\/4"}],"replies":[{"embeddable":true,"href":"https:\/\/pcf08.com\/index.php\/wp-json\/wp\/v2\/comments?post=2830"}],"version-history":[{"count":1,"href":"https:\/\/pcf08.com\/index.php\/wp-json\/wp\/v2\/posts\/2830\/revisions"}],"predecessor-version":[{"id":2832,"href":"https:\/\/pcf08.com\/index.php\/wp-json\/wp\/v2\/posts\/2830\/revisions\/2832"}],"wp:attachment":[{"href":"https:\/\/pcf08.com\/index.php\/wp-json\/wp\/v2\/media?parent=2830"}],"wp:term":[{"taxonomy":"category","embeddable":true,"href":"https:\/\/pcf08.com\/index.php\/wp-json\/wp\/v2\/categories?post=2830"},{"taxonomy":"post_tag","embeddable":true,"href":"https:\/\/pcf08.com\/index.php\/wp-json\/wp\/v2\/tags?post=2830"}],"curies":[{"name":"wp","href":"https:\/\/api.w.org\/{rel}","templated":true}]}}