{"id":2824,"date":"2024-03-07T11:25:57","date_gmt":"2024-03-07T10:25:57","guid":{"rendered":"http:\/\/pcf08.com\/?p=2824"},"modified":"2024-03-07T11:25:57","modified_gmt":"2024-03-07T10:25:57","slug":"haro-sur-les-pauvres","status":"publish","type":"post","link":"https:\/\/pcf08.com\/index.php\/2024\/03\/07\/haro-sur-les-pauvres\/","title":{"rendered":"Haro sur les pauvres !"},"content":{"rendered":"<p align=\"justify\"><span style=\"font-family: Calibri, sans-serif;\"><span style=\"font-size: small;\"><img loading=\"lazy\" decoding=\"async\" class=\"size-medium wp-image-2825 alignleft\" src=\"https:\/\/pcf08.com\/wp-content\/uploads\/2024\/03\/RSA-300x158.jpg\" alt=\"\" width=\"300\" height=\"158\" srcset=\"https:\/\/pcf08.com\/wp-content\/uploads\/2024\/03\/RSA-300x158.jpg 300w, https:\/\/pcf08.com\/wp-content\/uploads\/2024\/03\/RSA-768x403.jpg 768w, https:\/\/pcf08.com\/wp-content\/uploads\/2024\/03\/RSA.jpg 800w\" sizes=\"(max-width: 300px) 100vw, 300px\" \/>Alors que la pauvret\u00e9 frappe de plus en plus, le gouvernement a lanc\u00e9, il y a 1 an, une modification exp\u00e9rimentale pour l\u2019attribution du Revenu de Solidarit\u00e9 Active (RSA). Dans un premier temps celle-ci a \u00e9t\u00e9 mise en place dans 18 d\u00e9partements dont les Ardennes. Sans attendre les r\u00e9sultats de ces premi\u00e8res exp\u00e9rimentations le gouvernement a d\u00e9cid\u00e9 de rajouter 29 autres d\u00e9partements. Soit au total 47 d\u00e9partements qui sont charg\u00e9s d\u2019exp\u00e9rimenter le nouveau dispositif. Cette r\u00e9forme pour l\u2019attribution du RSA devra concerner, \u00e0 l\u2019horizon 2025, tous les d\u00e9partements qui devront adopter ce dispositif. Pour obtenir cette allocation il faudra, en \u00e9change, que la personne justifie de 15 heures d\u2019activit\u00e9 par semaine. <\/span><\/span><\/p>\n<p align=\"justify\"><span style=\"font-family: Calibri, sans-serif;\"><span style=\"font-size: small;\">Dans notre d\u00e9partement cela concerne pr\u00e9s de 10 000 personnes. C\u2019est le Conseil D\u00e9partemental qui g\u00e8re, avec bien des difficult\u00e9s, les fonds n\u00e9cessaires au versement du RSA. Si on en croit les responsables de la majorit\u00e9 qui acceptent de commenter cette op\u00e9ration il s\u2019agit de combattre le ch\u00f4mage. Fin janvier dernier le Premier ministre a confirm\u00e9 la d\u00e9marche et souhaite conditionner le versement du RSA \u00e0 15 heures de travail hebdomadaire.<\/span><\/span><\/p>\n<p align=\"justify\"><span style=\"font-family: Calibri, sans-serif;\"><span style=\"font-size: small;\">Incapable d\u2019assurer le plein emploi, le gouvernement cherche \u00e0 faire des \u00e9conomies sur le dos\u2026 des plus d\u00e9favoris\u00e9s. Cette position a des relents d\u2019exclusion de la sph\u00e8re sociale avec l\u2019\u00e9ternelle rengaine sur les profiteurs. Les chiffres sont pourtant clairs il existe 34% des personnes qui pourraient avoir droit au RSA et qui n\u2019en font pas la demande. C\u2019est souvent ceux qui sont les plus d\u00e9favoris\u00e9s et qui sont confront\u00e9s \u00e0 une d\u00e9tresse sociale qui ne font pas valoir leur droit. <\/span><\/span><\/p>\n<p align=\"right\"><span style=\"font-family: Calibri, sans-serif;\"><span style=\"font-size: small;\"> Sylvain DALLA ROSA<\/span><\/span><\/p>\n","protected":false},"excerpt":{"rendered":"<p>Alors que la pauvret\u00e9 frappe de plus en plus, le gouvernement a lanc\u00e9, il y a 1 an, une modification exp\u00e9rimentale pour l\u2019attribution du Revenu de Solidarit\u00e9 Active (RSA). Dans un premier temps celle-ci a \u00e9t\u00e9 mise en place dans 18 d\u00e9partements dont les Ardennes. Sans attendre les r\u00e9sultats de ces premi\u00e8res exp\u00e9rimentations le gouvernement [&hellip;]<\/p>\n","protected":false},"author":4,"featured_media":0,"comment_status":"closed","ping_status":"open","sticky":false,"template":"","format":"standard","meta":{"saved_in_kubio":false,"footnotes":""},"categories":[1],"tags":[],"class_list":["post-2824","post","type-post","status-publish","format-standard","hentry","category-non-classe"],"_links":{"self":[{"href":"https:\/\/pcf08.com\/index.php\/wp-json\/wp\/v2\/posts\/2824","targetHints":{"allow":["GET"]}}],"collection":[{"href":"https:\/\/pcf08.com\/index.php\/wp-json\/wp\/v2\/posts"}],"about":[{"href":"https:\/\/pcf08.com\/index.php\/wp-json\/wp\/v2\/types\/post"}],"author":[{"embeddable":true,"href":"https:\/\/pcf08.com\/index.php\/wp-json\/wp\/v2\/users\/4"}],"replies":[{"embeddable":true,"href":"https:\/\/pcf08.com\/index.php\/wp-json\/wp\/v2\/comments?post=2824"}],"version-history":[{"count":1,"href":"https:\/\/pcf08.com\/index.php\/wp-json\/wp\/v2\/posts\/2824\/revisions"}],"predecessor-version":[{"id":2826,"href":"https:\/\/pcf08.com\/index.php\/wp-json\/wp\/v2\/posts\/2824\/revisions\/2826"}],"wp:attachment":[{"href":"https:\/\/pcf08.com\/index.php\/wp-json\/wp\/v2\/media?parent=2824"}],"wp:term":[{"taxonomy":"category","embeddable":true,"href":"https:\/\/pcf08.com\/index.php\/wp-json\/wp\/v2\/categories?post=2824"},{"taxonomy":"post_tag","embeddable":true,"href":"https:\/\/pcf08.com\/index.php\/wp-json\/wp\/v2\/tags?post=2824"}],"curies":[{"name":"wp","href":"https:\/\/api.w.org\/{rel}","templated":true}]}}