{"id":2814,"date":"2024-03-01T13:46:24","date_gmt":"2024-03-01T12:46:24","guid":{"rendered":"http:\/\/pcf08.com\/?p=2814"},"modified":"2024-03-01T13:46:24","modified_gmt":"2024-03-01T12:46:24","slug":"mise-en-concurrence-des-ter","status":"publish","type":"post","link":"https:\/\/pcf08.com\/index.php\/2024\/03\/01\/mise-en-concurrence-des-ter\/","title":{"rendered":"Mise en concurrence des TER"},"content":{"rendered":"<p align=\"justify\"><span style=\"font-family: Calibri, sans-serif;\"><img loading=\"lazy\" decoding=\"async\" class=\"size-medium wp-image-2815 alignleft\" src=\"https:\/\/pcf08.com\/wp-content\/uploads\/2024\/03\/Jaime-le-service-public-286x300.jpg\" alt=\"\" width=\"286\" height=\"300\" srcset=\"https:\/\/pcf08.com\/wp-content\/uploads\/2024\/03\/Jaime-le-service-public-286x300.jpg 286w, https:\/\/pcf08.com\/wp-content\/uploads\/2024\/03\/Jaime-le-service-public.jpg 362w\" sizes=\"(max-width: 286px) 100vw, 286px\" \/>Une d\u00e9cision insupportable\u00a0: le conseil r\u00e9gional \u00e0 majorit\u00e9 de droite a vot\u00e9 l\u2019ouverture \u00e0 la concurrence de tout le r\u00e9seau de TER appel\u00e9 l\u2019\u00e9toile de Reims, en gros le r\u00e9seau de TER et de cars de la SNCF de l\u2019ancienne Champagne Ardenne de Dijon \u00e0 Givet\u00a0!<\/span><\/p>\n<p align=\"justify\"><span style=\"font-family: Calibri, sans-serif;\">C\u2019est la possibilit\u00e9 ouverte de confier ces lignes \u00e0 une entreprise priv\u00e9e, avec les rames financ\u00e9es par l\u2019argent public. Comment oser affirmer que cela permettra de d\u00e9velopper l\u2019acc\u00e8s au train\u00a0? Il n\u2019y a pas de secret\u00a0: si une entreprise priv\u00e9e s\u2019engage dans cette voie, ce sera pour en tirer b\u00e9n\u00e9fice, faire des profits et cela sera au d\u00e9triment donc des voyageurs et des agents.<\/span><\/p>\n<p align=\"justify\"><span style=\"font-family: Calibri, sans-serif;\">Le r\u00e9chauffement climatique n\u00e9cessite pourtant de d\u00e9velopper le transport ferroviaire\u00a0! Quelle garantie sur les tarifs\u00a0? La division en lot du r\u00e9seau du Grand Est est une \u00e9tape de plus, apr\u00e8s les d\u00e9cisions prises nationalement par les gouvernements successifs de r\u00e9gionalisation des trains. Il y avait avant solidarit\u00e9 tarifaire qui faisait que le km parcouru en train ne co\u00fbtait pas plus cher dans les zones peu denses que dans les trains bond\u00e9s. Curieusement, le Grand Est commence sa mise en concurrence par la partie la moins peupl\u00e9e de la r\u00e9gion\u00a0!<\/span><\/p>\n<p align=\"justify\"><span style=\"font-family: Calibri, sans-serif;\">Les \u00e9lus communistes ont vot\u00e9 contre cette d\u00e9cision.<\/span><\/p>\n<p align=\"right\"><span style=\"font-family: Calibri, sans-serif;\">Mich\u00e8le LEFLON<\/span><\/p>\n","protected":false},"excerpt":{"rendered":"<p>Une d\u00e9cision insupportable\u00a0: le conseil r\u00e9gional \u00e0 majorit\u00e9 de droite a vot\u00e9 l\u2019ouverture \u00e0 la concurrence de tout le r\u00e9seau de TER appel\u00e9 l\u2019\u00e9toile de Reims, en gros le r\u00e9seau de TER et de cars de la SNCF de l\u2019ancienne Champagne Ardenne de Dijon \u00e0 Givet\u00a0! C\u2019est la possibilit\u00e9 ouverte de confier ces lignes \u00e0 [&hellip;]<\/p>\n","protected":false},"author":4,"featured_media":0,"comment_status":"closed","ping_status":"open","sticky":false,"template":"","format":"standard","meta":{"saved_in_kubio":false,"footnotes":""},"categories":[1],"tags":[],"class_list":["post-2814","post","type-post","status-publish","format-standard","hentry","category-non-classe"],"_links":{"self":[{"href":"https:\/\/pcf08.com\/index.php\/wp-json\/wp\/v2\/posts\/2814","targetHints":{"allow":["GET"]}}],"collection":[{"href":"https:\/\/pcf08.com\/index.php\/wp-json\/wp\/v2\/posts"}],"about":[{"href":"https:\/\/pcf08.com\/index.php\/wp-json\/wp\/v2\/types\/post"}],"author":[{"embeddable":true,"href":"https:\/\/pcf08.com\/index.php\/wp-json\/wp\/v2\/users\/4"}],"replies":[{"embeddable":true,"href":"https:\/\/pcf08.com\/index.php\/wp-json\/wp\/v2\/comments?post=2814"}],"version-history":[{"count":1,"href":"https:\/\/pcf08.com\/index.php\/wp-json\/wp\/v2\/posts\/2814\/revisions"}],"predecessor-version":[{"id":2816,"href":"https:\/\/pcf08.com\/index.php\/wp-json\/wp\/v2\/posts\/2814\/revisions\/2816"}],"wp:attachment":[{"href":"https:\/\/pcf08.com\/index.php\/wp-json\/wp\/v2\/media?parent=2814"}],"wp:term":[{"taxonomy":"category","embeddable":true,"href":"https:\/\/pcf08.com\/index.php\/wp-json\/wp\/v2\/categories?post=2814"},{"taxonomy":"post_tag","embeddable":true,"href":"https:\/\/pcf08.com\/index.php\/wp-json\/wp\/v2\/tags?post=2814"}],"curies":[{"name":"wp","href":"https:\/\/api.w.org\/{rel}","templated":true}]}}