{"id":2811,"date":"2024-03-01T13:44:59","date_gmt":"2024-03-01T12:44:59","guid":{"rendered":"http:\/\/pcf08.com\/?p=2811"},"modified":"2024-03-01T13:44:59","modified_gmt":"2024-03-01T12:44:59","slug":"de-plus-en-plus-de-pauvres","status":"publish","type":"post","link":"https:\/\/pcf08.com\/index.php\/2024\/03\/01\/de-plus-en-plus-de-pauvres\/","title":{"rendered":"De plus en plus de pauvres"},"content":{"rendered":"<p align=\"justify\"><span style=\"font-family: Calibri, sans-serif;\"><img loading=\"lazy\" decoding=\"async\" class=\"size-medium wp-image-2812 alignleft\" src=\"https:\/\/pcf08.com\/wp-content\/uploads\/2024\/03\/pauvrete-300x169.jpg\" alt=\"\" width=\"300\" height=\"169\" srcset=\"https:\/\/pcf08.com\/wp-content\/uploads\/2024\/03\/pauvrete-300x169.jpg 300w, https:\/\/pcf08.com\/wp-content\/uploads\/2024\/03\/pauvrete-768x433.jpg 768w, https:\/\/pcf08.com\/wp-content\/uploads\/2024\/03\/pauvrete.jpg 800w\" sizes=\"(max-width: 300px) 100vw, 300px\" \/>Un des fl\u00e9aux de notre soci\u00e9t\u00e9 capitaliste est le taux de pauvret\u00e9 qui touche les m\u00e9nages. Notre d\u00e9partement est particuli\u00e8rement frapp\u00e9 par cette r\u00e9gression sociale. Ainsi la Banque de France, qui vient de publier les chiffres du surendettement, pointe le nombre de dossiers pour 2023 dans les Ardennes. Celui-ci passe de 476 dossiers en 2022 \u00e0 560 en 2023. Globalement ce sont 19,4% des Ardennais qui sont en situation de pauvret\u00e9. Cette tendance \u00e0 la hausse est devenue durable. Avec une inflation qui repart (+ 4%) la vie quotidienne devient de plus en plus dure pour nombre d\u2019Ardennais.<\/span><\/p>\n<p align=\"justify\"><span style=\"font-family: Calibri, sans-serif;\">Ce sont les d\u00e9penses qui touchent \u00e0 la consommation courante qui s\u2019aggravent. Pour les m\u00e9nages ardennais cela concerne 36% des dossiers d\u00e9pos\u00e9s. Cons\u00e9quence, nombre de foyers se privent sur l\u2019essentiel. Le pouvoir d\u2019achat est d\u2019ailleurs l\u2019une des pr\u00e9occupations premi\u00e8res des Fran\u00e7ais dans un contexte o\u00f9 les salaires stagnent. Parmi les villes les plus touch\u00e9es par le fort taux de pauvret\u00e9 c\u2019est la commune de Sedan qui est sur la premi\u00e8re marche du podium. Juste derri\u00e8re se trouve Charleville-M\u00e9zi\u00e8res et Nouzonville. Les associations caritatives tirent le signal d\u2019alarme car elles ont de plus en plus de difficult\u00e9s \u00e0 faire face \u00e0 la demande.<\/span><\/p>\n<p align=\"justify\"><span style=\"font-family: Calibri, sans-serif;\">Pourtant ces fins de mois difficiles ne touchent pas tout le monde. Les entreprises du CAC 40 ont revers\u00e9 l\u2019ann\u00e9e derni\u00e8re 97,1 milliards d\u2019euros \u00e0 leurs actionnaires. Soit une progression de 21% par rapport \u00e0 l\u2019ann\u00e9e derni\u00e8re. Cette situation d\u2019in\u00e9galit\u00e9s sociales touche m\u00eame les instances qui dirigent notre pays. La moiti\u00e9 des membres du gouvernement dispose d\u2019un patrimoine de plus d\u2019un million d\u2019euros.<\/span><\/p>\n<p align=\"justify\"><span style=\"font-family: Calibri, sans-serif;\">Il est temps de revoir de fond en comble la fa\u00e7on de redistribuer les richesses produites dans notre pays. Cela passe notamment par une hausse g\u00e9n\u00e9ralis\u00e9e des salaires.<\/span><\/p>\n<p align=\"right\"><span style=\"font-family: Calibri, sans-serif;\">Sylvain DALLA ROSA<\/span><\/p>\n","protected":false},"excerpt":{"rendered":"<p>Un des fl\u00e9aux de notre soci\u00e9t\u00e9 capitaliste est le taux de pauvret\u00e9 qui touche les m\u00e9nages. Notre d\u00e9partement est particuli\u00e8rement frapp\u00e9 par cette r\u00e9gression sociale. Ainsi la Banque de France, qui vient de publier les chiffres du surendettement, pointe le nombre de dossiers pour 2023 dans les Ardennes. Celui-ci passe de 476 dossiers en 2022 [&hellip;]<\/p>\n","protected":false},"author":4,"featured_media":0,"comment_status":"closed","ping_status":"open","sticky":false,"template":"","format":"standard","meta":{"saved_in_kubio":false,"footnotes":""},"categories":[1],"tags":[],"class_list":["post-2811","post","type-post","status-publish","format-standard","hentry","category-non-classe"],"_links":{"self":[{"href":"https:\/\/pcf08.com\/index.php\/wp-json\/wp\/v2\/posts\/2811","targetHints":{"allow":["GET"]}}],"collection":[{"href":"https:\/\/pcf08.com\/index.php\/wp-json\/wp\/v2\/posts"}],"about":[{"href":"https:\/\/pcf08.com\/index.php\/wp-json\/wp\/v2\/types\/post"}],"author":[{"embeddable":true,"href":"https:\/\/pcf08.com\/index.php\/wp-json\/wp\/v2\/users\/4"}],"replies":[{"embeddable":true,"href":"https:\/\/pcf08.com\/index.php\/wp-json\/wp\/v2\/comments?post=2811"}],"version-history":[{"count":1,"href":"https:\/\/pcf08.com\/index.php\/wp-json\/wp\/v2\/posts\/2811\/revisions"}],"predecessor-version":[{"id":2813,"href":"https:\/\/pcf08.com\/index.php\/wp-json\/wp\/v2\/posts\/2811\/revisions\/2813"}],"wp:attachment":[{"href":"https:\/\/pcf08.com\/index.php\/wp-json\/wp\/v2\/media?parent=2811"}],"wp:term":[{"taxonomy":"category","embeddable":true,"href":"https:\/\/pcf08.com\/index.php\/wp-json\/wp\/v2\/categories?post=2811"},{"taxonomy":"post_tag","embeddable":true,"href":"https:\/\/pcf08.com\/index.php\/wp-json\/wp\/v2\/tags?post=2811"}],"curies":[{"name":"wp","href":"https:\/\/api.w.org\/{rel}","templated":true}]}}