{"id":2808,"date":"2024-03-01T13:43:54","date_gmt":"2024-03-01T12:43:54","guid":{"rendered":"http:\/\/pcf08.com\/?p=2808"},"modified":"2024-03-01T13:43:54","modified_gmt":"2024-03-01T12:43:54","slug":"honte-aux-promoteurs-de-lextreme-droite","status":"publish","type":"post","link":"https:\/\/pcf08.com\/index.php\/2024\/03\/01\/honte-aux-promoteurs-de-lextreme-droite\/","title":{"rendered":"Honte aux promoteurs de l\u2019extr\u00eame-droite"},"content":{"rendered":"<p align=\"justify\"><span style=\"font-family: Calibri, sans-serif;\"><img loading=\"lazy\" decoding=\"async\" class=\"size-medium wp-image-2809 alignright\" src=\"https:\/\/pcf08.com\/wp-content\/uploads\/2024\/03\/pluralisme-300x171.jpg\" alt=\"\" width=\"300\" height=\"171\" srcset=\"https:\/\/pcf08.com\/wp-content\/uploads\/2024\/03\/pluralisme-300x171.jpg 300w, https:\/\/pcf08.com\/wp-content\/uploads\/2024\/03\/pluralisme.jpg 379w\" sizes=\"(max-width: 300px) 100vw, 300px\" \/>Les m\u00e9dias, notamment les cha\u00eenes de t\u00e9l\u00e9vision, fa\u00e7onnent de plus en plus la vie politique fran\u00e7aise. C\u2019est dans ce cadre que se profile la campagne des europ\u00e9ennes. Aux yeux des suppos\u00e9s journalistes il n\u2019existe que ceux qui m\u00e9ritent d\u2019\u00eatre sur le devant de l\u2019actualit\u00e9. Le choix fait est loin d\u2019\u00eatre anodin et de refl\u00e9ter le pluralisme politique.<\/span><\/p>\n<p align=\"justify\"><span style=\"font-family: Calibri, sans-serif;\">Ainsi, la promotion du candidat de l\u2019extr\u00eame-droite est omnipr\u00e9sente. La couverture m\u00e9diatique du salon de l\u2019agriculture est de ce point de vue significative. C\u2019est particuli\u00e8rement vrai avec la promotion du responsable du rassemblement national (ex FN) candidat en juin prochain aux \u00e9lections europ\u00e9ennes. Pourtant dans l\u2019actualit\u00e9 r\u00e9cente l\u2019extr\u00eame-droite a \u00e9t\u00e9 singuli\u00e8rement absente des \u00e9v\u00e9nements qui ont marqu\u00e9 la vie sociale. C\u2019est vrai pour la bataille des retraites ou dans le soutien au monde agricole. Si on regarde plus loin, bien malin celui qui peut dire la position du FN de l\u2019\u00e9poque sur le trait\u00e9 de Lisbonne mettant en place la constitution europ\u00e9enne.<\/span><\/p>\n<p align=\"justify\"><span style=\"font-family: Calibri, sans-serif;\">Cela ne g\u00e8ne pas les m\u00e9dias de promouvoir des id\u00e9es n\u00e9fastes pour la soci\u00e9t\u00e9. Honte \u00e0 ceux qui cautionnent la haine.<\/span><\/p>\n<p align=\"right\"><span style=\"font-family: Calibri, sans-serif;\">Sylvain DALLA ROSA<\/span><\/p>\n","protected":false},"excerpt":{"rendered":"<p>Les m\u00e9dias, notamment les cha\u00eenes de t\u00e9l\u00e9vision, fa\u00e7onnent de plus en plus la vie politique fran\u00e7aise. C\u2019est dans ce cadre que se profile la campagne des europ\u00e9ennes. Aux yeux des suppos\u00e9s journalistes il n\u2019existe que ceux qui m\u00e9ritent d\u2019\u00eatre sur le devant de l\u2019actualit\u00e9. Le choix fait est loin d\u2019\u00eatre anodin et de refl\u00e9ter le [&hellip;]<\/p>\n","protected":false},"author":4,"featured_media":0,"comment_status":"closed","ping_status":"open","sticky":false,"template":"","format":"standard","meta":{"saved_in_kubio":false,"footnotes":""},"categories":[1],"tags":[],"class_list":["post-2808","post","type-post","status-publish","format-standard","hentry","category-non-classe"],"_links":{"self":[{"href":"https:\/\/pcf08.com\/index.php\/wp-json\/wp\/v2\/posts\/2808","targetHints":{"allow":["GET"]}}],"collection":[{"href":"https:\/\/pcf08.com\/index.php\/wp-json\/wp\/v2\/posts"}],"about":[{"href":"https:\/\/pcf08.com\/index.php\/wp-json\/wp\/v2\/types\/post"}],"author":[{"embeddable":true,"href":"https:\/\/pcf08.com\/index.php\/wp-json\/wp\/v2\/users\/4"}],"replies":[{"embeddable":true,"href":"https:\/\/pcf08.com\/index.php\/wp-json\/wp\/v2\/comments?post=2808"}],"version-history":[{"count":1,"href":"https:\/\/pcf08.com\/index.php\/wp-json\/wp\/v2\/posts\/2808\/revisions"}],"predecessor-version":[{"id":2810,"href":"https:\/\/pcf08.com\/index.php\/wp-json\/wp\/v2\/posts\/2808\/revisions\/2810"}],"wp:attachment":[{"href":"https:\/\/pcf08.com\/index.php\/wp-json\/wp\/v2\/media?parent=2808"}],"wp:term":[{"taxonomy":"category","embeddable":true,"href":"https:\/\/pcf08.com\/index.php\/wp-json\/wp\/v2\/categories?post=2808"},{"taxonomy":"post_tag","embeddable":true,"href":"https:\/\/pcf08.com\/index.php\/wp-json\/wp\/v2\/tags?post=2808"}],"curies":[{"name":"wp","href":"https:\/\/api.w.org\/{rel}","templated":true}]}}