{"id":2806,"date":"2024-03-01T13:42:51","date_gmt":"2024-03-01T12:42:51","guid":{"rendered":"http:\/\/pcf08.com\/?p=2806"},"modified":"2024-03-01T13:42:51","modified_gmt":"2024-03-01T12:42:51","slug":"journee-internationale-de-defense-des-droits-des-femmes","status":"publish","type":"post","link":"https:\/\/pcf08.com\/index.php\/2024\/03\/01\/journee-internationale-de-defense-des-droits-des-femmes\/","title":{"rendered":"Journ\u00e9e internationale de d\u00e9fense des droits des femmes"},"content":{"rendered":"<p align=\"justify\"><span style=\"font-family: Calibri, sans-serif;\"><i>Quelle Femme militante voudrais tu mettre \u00e0 l\u2019honneur ? Pourquoi l\u2019as tu choisie? Qu\u2019 est ce qui r\u00e9sonne encore en toi aujourd\u2019hui ? Quel est ce lien qui vous relie encore aujourd\u2019hui ?<\/i><\/span><\/p>\n<p align=\"justify\"><span style=\"font-family: Calibri, sans-serif;\">Six militant.es se sont pr\u00e9t\u00e9.es au jeu et nous racontent en quelques minutes ces Femmes et ces liens &#8230;Vous \u00e9couterez Lahna, 10 ans, nous parler de Jos\u00e9phine\u00a0 \u00ab\u00a0une femme qui s\u2019est battue pour \u00eatre libre\u00a0\u00bb. Vous rencontrerez Anna et Alain mettre \u00e0 l\u2019honneur \u00ab\u00a0la fraternit\u00e9 et la lutte d\u00e8s son plus jeune \u00e2ge&#8230;\u00a0\u00bb de Martha. Philippe nous lira avec \u00e9motion et pudeur les mots d\u2019Olga dans une lettre adress\u00e9e \u00e0 sa fille avant de mourir. \u00ab\u00a0Elle faisait partie des r\u00e9sistants du groupe Manouchian. Les hommes sont morts fusill\u00e9s, elle est morte d\u00e9capit\u00e9e\u00a0\u00bb car une femme ne m\u00e9ritait pas qu\u2019 on gaspille une balle. Pascal et Patrick ont choisi deux Femmes ardennaises, Yvonne et Rolande, \u00ab\u00a0des femmes politiques et syndicalistes de chez nous\u00a0\u00bb.\u00a0 Ir\u00e8ne parlera de sa grand-m\u00e8re, militante communiste et syndicaliste, travailleuse des ch\u00e8ques postaux \u00e0 Paris d\u00e8s l&rsquo;apr\u00e8s guerre, une des milliers de celles qu&rsquo;on appellera \u00ab\u00a0les filles des ch\u00e8ques \u00ab\u00a0. Son t\u00e9moignage met en lumi\u00e8re ces lign\u00e9es de femmes qui, dans leur vie de tous les jours, ont lutt\u00e9 et transmis des valeurs qui s\u2019expriment encore aujourd\u2019hui\u2026<\/span><\/p>\n<p align=\"justify\"><span style=\"font-family: Calibri, sans-serif;\">Pascal, plasticien ardennais, r\u00e9alisera une performance ce 8 mars pour mettre \u00e0 l\u2019honneur Danielle. Militante communiste corse morte le 9\u00a0mai 1943, \u00e0 Auschwitz \u00e0 l\u2019\u00e2ge de 34\u00a0ans, du typhus. L\u2019ardente militante corse a \u0153uvr\u00e9 d\u00e8s sa jeunesse pour les droits des femmes et l\u2019\u00e9mancipation humaine. Pour moi, cette femme \u00ab\u00a0pleine de confiance, de paix et d\u2019entrain capable de chanter en entrant dans un camp pour donner courage \u00e0 ses compagnons d\u2019infortune symbolise la force de nos valeurs humanistes au milieu du chaos d\u00e9shumanis\u00e9 cr\u00e9\u00e9 par les Nazis\u00a0\u00bb<\/span><\/p>\n<p align=\"justify\"><span style=\"font-family: Calibri, sans-serif;\">Et vous quel est ce lien qui vous unit \u00e0 ces Femmes ?<\/span><\/p>\n<p align=\"justify\"><span style=\"font-family: Calibri, sans-serif;\">Rendez-vous vendredi 8 mars \u00e0 la F\u00e9d\u00e9ration des Ardennes du PCF \u00e0 partir de 16 h<\/span><\/p>\n","protected":false},"excerpt":{"rendered":"<p>Quelle Femme militante voudrais tu mettre \u00e0 l\u2019honneur ? Pourquoi l\u2019as tu choisie? Qu\u2019 est ce qui r\u00e9sonne encore en toi aujourd\u2019hui ? Quel est ce lien qui vous relie encore aujourd\u2019hui ? Six militant.es se sont pr\u00e9t\u00e9.es au jeu et nous racontent en quelques minutes ces Femmes et ces liens &#8230;Vous \u00e9couterez Lahna, 10 [&hellip;]<\/p>\n","protected":false},"author":4,"featured_media":0,"comment_status":"closed","ping_status":"open","sticky":false,"template":"","format":"standard","meta":{"saved_in_kubio":false,"footnotes":""},"categories":[1],"tags":[],"class_list":["post-2806","post","type-post","status-publish","format-standard","hentry","category-non-classe"],"_links":{"self":[{"href":"https:\/\/pcf08.com\/index.php\/wp-json\/wp\/v2\/posts\/2806","targetHints":{"allow":["GET"]}}],"collection":[{"href":"https:\/\/pcf08.com\/index.php\/wp-json\/wp\/v2\/posts"}],"about":[{"href":"https:\/\/pcf08.com\/index.php\/wp-json\/wp\/v2\/types\/post"}],"author":[{"embeddable":true,"href":"https:\/\/pcf08.com\/index.php\/wp-json\/wp\/v2\/users\/4"}],"replies":[{"embeddable":true,"href":"https:\/\/pcf08.com\/index.php\/wp-json\/wp\/v2\/comments?post=2806"}],"version-history":[{"count":1,"href":"https:\/\/pcf08.com\/index.php\/wp-json\/wp\/v2\/posts\/2806\/revisions"}],"predecessor-version":[{"id":2807,"href":"https:\/\/pcf08.com\/index.php\/wp-json\/wp\/v2\/posts\/2806\/revisions\/2807"}],"wp:attachment":[{"href":"https:\/\/pcf08.com\/index.php\/wp-json\/wp\/v2\/media?parent=2806"}],"wp:term":[{"taxonomy":"category","embeddable":true,"href":"https:\/\/pcf08.com\/index.php\/wp-json\/wp\/v2\/categories?post=2806"},{"taxonomy":"post_tag","embeddable":true,"href":"https:\/\/pcf08.com\/index.php\/wp-json\/wp\/v2\/tags?post=2806"}],"curies":[{"name":"wp","href":"https:\/\/api.w.org\/{rel}","templated":true}]}}