{"id":2803,"date":"2024-03-01T13:41:01","date_gmt":"2024-03-01T12:41:01","guid":{"rendered":"http:\/\/pcf08.com\/?p=2803"},"modified":"2024-03-01T13:41:01","modified_gmt":"2024-03-01T12:41:01","slug":"greve-feministe-8-mars-2024","status":"publish","type":"post","link":"https:\/\/pcf08.com\/index.php\/2024\/03\/01\/greve-feministe-8-mars-2024\/","title":{"rendered":"Gr\u00e8ve f\u00e9ministe : 8 mars 2024"},"content":{"rendered":"<p align=\"justify\"><span style=\"font-family: Calibri, sans-serif;\"><img loading=\"lazy\" decoding=\"async\" class=\"size-medium wp-image-2804 alignleft\" src=\"https:\/\/pcf08.com\/wp-content\/uploads\/2024\/03\/femme-1-300x236.jpg\" alt=\"\" width=\"300\" height=\"236\" srcset=\"https:\/\/pcf08.com\/wp-content\/uploads\/2024\/03\/femme-1-300x236.jpg 300w, https:\/\/pcf08.com\/wp-content\/uploads\/2024\/03\/femme-1-768x605.jpg 768w, https:\/\/pcf08.com\/wp-content\/uploads\/2024\/03\/femme-1.jpg 800w\" sizes=\"(max-width: 300px) 100vw, 300px\" \/>Pour les droits des femmes, pour l\u2019\u00e9galit\u00e9 salariale et professionnelle sans attendre une g\u00e9n\u00e9ration de plus, reprenons la main en France et en Europe. Partout en Europe, les femmes sont tr\u00e8s majoritaires parmi les employ\u00e9es des services publics surtout dans le secteur social. Les salaires y sont tr\u00e8s bas. La pr\u00e9carit\u00e9 s\u2019\u00e9crit au f\u00e9minin : les assistant.es maternelles, les employ\u00e9\u00b7es de maisons, les aides \u00e0 domicile et les aides m\u00e9nag\u00e8res sont \u00e0 plus de 95 % des femmes. \u00c0 tous points de vues, les femmes sont les premi\u00e8res \u00e0 souffrir de l\u2019affaiblissement des services publics.<\/span><\/p>\n<p align=\"justify\"><span style=\"font-family: Calibri, sans-serif;\">Main dans la main, capitalisme et patriarcat tirent profit de la d\u00e9valorisation des femmes et de leur travail. Ensemble, nous nous engageons \u00e0 mener la bataille, avec les syndicats et associations f\u00e9ministes, pour que l\u2019Europe rende effective l\u2019\u00e9galit\u00e9 des droits des femmes en mati\u00e8re de salaires, de conditions de travail, d\u2019\u00e9volution professionnelle. Nous luttons pour que l\u2019Union europ\u00e9enne conditionne syst\u00e9matiquement les aides publiques \u00e0 des crit\u00e8res environnementaux et sociaux, pour l\u2019\u00e9galit\u00e9 femmes-hommes \u00e9labor\u00e9e avec les salari\u00e9\u00a0.es et leurs repr\u00e9sentant.es.<\/span><\/p>\n<p align=\"justify\"><span style=\"font-family: Calibri, sans-serif;\">La conqu\u00eate des droits des femmes implique une culture de la paix comme l\u2019accueil et les protections des femmes \u00e9trang\u00e8res et refuse toute logique d\u2019exploitation et de domination. Le PCF soutient l\u2019appel unitaire des syndicats et associations f\u00e9ministes et les revendications du collectif \u00ab Gr\u00e8ve f\u00e9ministe \u00bb \u00e0 manifester en cette journ\u00e9e internationale des droits des femmes.<\/span><\/p>\n","protected":false},"excerpt":{"rendered":"<p>Pour les droits des femmes, pour l\u2019\u00e9galit\u00e9 salariale et professionnelle sans attendre une g\u00e9n\u00e9ration de plus, reprenons la main en France et en Europe. Partout en Europe, les femmes sont tr\u00e8s majoritaires parmi les employ\u00e9es des services publics surtout dans le secteur social. Les salaires y sont tr\u00e8s bas. La pr\u00e9carit\u00e9 s\u2019\u00e9crit au f\u00e9minin : [&hellip;]<\/p>\n","protected":false},"author":4,"featured_media":0,"comment_status":"closed","ping_status":"open","sticky":false,"template":"","format":"standard","meta":{"saved_in_kubio":false,"footnotes":""},"categories":[1],"tags":[],"class_list":["post-2803","post","type-post","status-publish","format-standard","hentry","category-non-classe"],"_links":{"self":[{"href":"https:\/\/pcf08.com\/index.php\/wp-json\/wp\/v2\/posts\/2803","targetHints":{"allow":["GET"]}}],"collection":[{"href":"https:\/\/pcf08.com\/index.php\/wp-json\/wp\/v2\/posts"}],"about":[{"href":"https:\/\/pcf08.com\/index.php\/wp-json\/wp\/v2\/types\/post"}],"author":[{"embeddable":true,"href":"https:\/\/pcf08.com\/index.php\/wp-json\/wp\/v2\/users\/4"}],"replies":[{"embeddable":true,"href":"https:\/\/pcf08.com\/index.php\/wp-json\/wp\/v2\/comments?post=2803"}],"version-history":[{"count":1,"href":"https:\/\/pcf08.com\/index.php\/wp-json\/wp\/v2\/posts\/2803\/revisions"}],"predecessor-version":[{"id":2805,"href":"https:\/\/pcf08.com\/index.php\/wp-json\/wp\/v2\/posts\/2803\/revisions\/2805"}],"wp:attachment":[{"href":"https:\/\/pcf08.com\/index.php\/wp-json\/wp\/v2\/media?parent=2803"}],"wp:term":[{"taxonomy":"category","embeddable":true,"href":"https:\/\/pcf08.com\/index.php\/wp-json\/wp\/v2\/categories?post=2803"},{"taxonomy":"post_tag","embeddable":true,"href":"https:\/\/pcf08.com\/index.php\/wp-json\/wp\/v2\/tags?post=2803"}],"curies":[{"name":"wp","href":"https:\/\/api.w.org\/{rel}","templated":true}]}}