{"id":280,"date":"2020-05-25T12:58:05","date_gmt":"2020-05-25T10:58:05","guid":{"rendered":"http:\/\/pcf08.com\/?p=280"},"modified":"2020-05-25T12:58:05","modified_gmt":"2020-05-25T10:58:05","slug":"deville-un-site-a-labandon","status":"publish","type":"post","link":"https:\/\/pcf08.com\/index.php\/2020\/05\/25\/deville-un-site-a-labandon\/","title":{"rendered":"Deville : un site \u00e0 l&rsquo;abandon ?"},"content":{"rendered":"<p class=\"western\" align=\"justify\"><span style=\"font-family: Times New Roman, serif;\"><span style=\"font-size: medium;\"><img loading=\"lazy\" decoding=\"async\" class=\"alignleft wp-image-281 size-medium\" src=\"https:\/\/pcf08.com\/wp-content\/uploads\/2020\/05\/deville-300x169.jpg\" alt=\"\" width=\"300\" height=\"169\" \/>L\u2019am\u00e9nagement de la friche Deville, avenue Forest \u00e0 Charleville-M\u00e9zi\u00e8res, semble au point mort. Apr\u00e8s une fermeture d\u00e9finitive en juin 2016 c\u2019est la soci\u00e9t\u00e9 Invicta qui a fait la meilleure offre de reprise supprimant au passage 42 salari\u00e9s. Apr\u00e8s avoir r\u00e9cup\u00e9r\u00e9 le mat\u00e9riel industriel Invicta a aussit\u00f4t d\u00e9localis\u00e9 la production \u00e0 Donchery et Vivier au Court.<\/span><\/span><\/p>\n<p><span style=\"font-family: Times New Roman, serif;\"><span style=\"font-size: medium;\">Le conseil d\u00e9partemental, propri\u00e9taire des b\u00e2timents, a engag\u00e9 une n\u00e9gociation avec le groupe portugais Alves Ribeiro qui s\u2019est port\u00e9 acqu\u00e9reur de l\u2019ensemble du site comprenant 32 000 m\u00e8tres carr\u00e9s pour un montant estim\u00e9 \u00e0 l\u2019\u00e9poque \u00e0 1,68 million. Le projet consiste, semble t-il, \u00e0 la construction de logements de standing. Un \u00e9cueil cependant, le site est class\u00e9 en PPRI (protection des inondations) et se trouve donc inconstructible. Les am\u00e9nagements ne peuvent se faire que dans les b\u00e2timents existants.<\/span><\/span><\/p>\n<p><span style=\"font-family: Times New Roman, serif;\"><span style=\"font-size: medium;\">Autre aspect de ce dossier, il est imp\u00e9ratif de conserver une partie des b\u00e2timents qui sont des \u00e9l\u00e9ments essentiels pour la sauvegarde du patrimoine industriel carolomac\u00e9rien. <\/span><\/span><\/p>\n<p class=\"western\" align=\"justify\"><span style=\"font-family: Times New Roman, serif;\"><span style=\"font-size: medium;\"> Par ailleurs, le conseil d\u00e9partemental \u00e9tant propri\u00e9taire des locaux depuis 2003 il lui incombe de pratiquer \u00e0 la d\u00e9pollution du site.<\/span><\/span><\/p>\n<p class=\"western\" align=\"justify\"><span style=\"font-family: Times New Roman, serif;\"><span style=\"font-size: medium;\"> Plusieurs questions se posent notamment celle concernant le projet d\u2019am\u00e9nagement du site. La soci\u00e9t\u00e9 Alves Ribeiro est elle toujours int\u00e9ress\u00e9e par les b\u00e2timents et avec quel projet? Quelles dispositions seront prises afin de pr\u00e9server le patrimoine industriel? Qu\u2019en est-il de la d\u00e9pollution?<\/span><\/span><\/p>\n","protected":false},"excerpt":{"rendered":"<p>L\u2019am\u00e9nagement de la friche Deville, avenue Forest \u00e0 Charleville-M\u00e9zi\u00e8res, semble au point mort. Apr\u00e8s une fermeture d\u00e9finitive en juin 2016 c\u2019est la soci\u00e9t\u00e9 Invicta qui a fait la meilleure offre de reprise supprimant au passage 42 salari\u00e9s. Apr\u00e8s avoir r\u00e9cup\u00e9r\u00e9 le mat\u00e9riel industriel Invicta a aussit\u00f4t d\u00e9localis\u00e9 la production \u00e0 Donchery et Vivier au Court. [&hellip;]<\/p>\n","protected":false},"author":2,"featured_media":0,"comment_status":"closed","ping_status":"open","sticky":false,"template":"","format":"standard","meta":{"saved_in_kubio":false,"footnotes":""},"categories":[1],"tags":[],"class_list":["post-280","post","type-post","status-publish","format-standard","hentry","category-non-classe"],"_links":{"self":[{"href":"https:\/\/pcf08.com\/index.php\/wp-json\/wp\/v2\/posts\/280","targetHints":{"allow":["GET"]}}],"collection":[{"href":"https:\/\/pcf08.com\/index.php\/wp-json\/wp\/v2\/posts"}],"about":[{"href":"https:\/\/pcf08.com\/index.php\/wp-json\/wp\/v2\/types\/post"}],"author":[{"embeddable":true,"href":"https:\/\/pcf08.com\/index.php\/wp-json\/wp\/v2\/users\/2"}],"replies":[{"embeddable":true,"href":"https:\/\/pcf08.com\/index.php\/wp-json\/wp\/v2\/comments?post=280"}],"version-history":[{"count":1,"href":"https:\/\/pcf08.com\/index.php\/wp-json\/wp\/v2\/posts\/280\/revisions"}],"predecessor-version":[{"id":286,"href":"https:\/\/pcf08.com\/index.php\/wp-json\/wp\/v2\/posts\/280\/revisions\/286"}],"wp:attachment":[{"href":"https:\/\/pcf08.com\/index.php\/wp-json\/wp\/v2\/media?parent=280"}],"wp:term":[{"taxonomy":"category","embeddable":true,"href":"https:\/\/pcf08.com\/index.php\/wp-json\/wp\/v2\/categories?post=280"},{"taxonomy":"post_tag","embeddable":true,"href":"https:\/\/pcf08.com\/index.php\/wp-json\/wp\/v2\/tags?post=280"}],"curies":[{"name":"wp","href":"https:\/\/api.w.org\/{rel}","templated":true}]}}