{"id":2794,"date":"2024-02-23T13:38:59","date_gmt":"2024-02-23T12:38:59","guid":{"rendered":"http:\/\/pcf08.com\/?p=2794"},"modified":"2024-02-23T13:38:59","modified_gmt":"2024-02-23T12:38:59","slug":"le-pluralisme-nest-pas-respecte","status":"publish","type":"post","link":"https:\/\/pcf08.com\/index.php\/2024\/02\/23\/le-pluralisme-nest-pas-respecte\/","title":{"rendered":"Le pluralisme n\u2019est pas respect\u00e9"},"content":{"rendered":"<p align=\"justify\"><span style=\"font-family: Calibri, sans-serif;\"><span style=\"font-size: medium;\"><img loading=\"lazy\" decoding=\"async\" class=\"size-medium wp-image-2795 alignleft\" src=\"https:\/\/pcf08.com\/wp-content\/uploads\/2024\/02\/presse-300x285.jpg\" alt=\"\" width=\"300\" height=\"285\" srcset=\"https:\/\/pcf08.com\/wp-content\/uploads\/2024\/02\/presse-300x285.jpg 300w, https:\/\/pcf08.com\/wp-content\/uploads\/2024\/02\/presse.jpg 700w\" sizes=\"(max-width: 300px) 100vw, 300px\" \/>Comme moi plusieurs lecteurs du journal l\u2019Ardennais ont \u00e9t\u00e9 tr\u00e8s \u00e9tonn\u00e9s du compte rendu du dernier conseil municipal de Charleville-M\u00e9zi\u00e8res. C\u2019est pour r\u00e9pondre \u00e0 leurs interrogations que je fais part de mon sentiment. <\/span><\/span><\/p>\n<p align=\"justify\"><span style=\"font-family: Calibri, sans-serif;\"><span style=\"font-size: medium;\">En effet, les articles faisant \u00e9tat des diff\u00e9rentes interventions ne retranscrivent que celles du maire. Certes l\u2019opposition est minoritaire mais celle-ci tente de faire entendre une voix diff\u00e9rente et particuli\u00e8rement de d\u00e9fense du service public. Ne cherchez pas ces interventions dans la presse locale il n\u2019y a aucune r\u00e9f\u00e9rence au d\u00e9bat qui s\u2019est d\u00e9roul\u00e9. <\/span><\/span><\/p>\n<p align=\"justify\"><span style=\"font-family: Calibri, sans-serif;\"><span style=\"font-size: medium;\">Bien s\u00fbr les journalistes font ce qu\u2019il veulent, cependant ils sont tenus par une ligne \u00e9ditoriale. Ainsi, leurs \u00e9crits ne peuvent se r\u00e9clamer du pluralisme. Oui il y a eu un v\u00e9ritable d\u00e9bat au conseil municipal et des interventions de la part de la gauche que vous pouvez regarder sur nos pages des r\u00e9seaux sociaux. <\/span><\/span><\/p>\n<p align=\"right\"><span style=\"font-family: Calibri, sans-serif; font-size: medium;\">Sylvain<\/span><span style=\"font-family: Calibri, sans-serif;\"><span style=\"font-size: medium;\">\u00a0DALLA-ROSA<\/span><\/span><\/p>\n","protected":false},"excerpt":{"rendered":"<p>Comme moi plusieurs lecteurs du journal l\u2019Ardennais ont \u00e9t\u00e9 tr\u00e8s \u00e9tonn\u00e9s du compte rendu du dernier conseil municipal de Charleville-M\u00e9zi\u00e8res. C\u2019est pour r\u00e9pondre \u00e0 leurs interrogations que je fais part de mon sentiment. En effet, les articles faisant \u00e9tat des diff\u00e9rentes interventions ne retranscrivent que celles du maire. Certes l\u2019opposition est minoritaire mais celle-ci tente [&hellip;]<\/p>\n","protected":false},"author":4,"featured_media":0,"comment_status":"closed","ping_status":"open","sticky":false,"template":"","format":"standard","meta":{"saved_in_kubio":false,"footnotes":""},"categories":[1],"tags":[],"class_list":["post-2794","post","type-post","status-publish","format-standard","hentry","category-non-classe"],"_links":{"self":[{"href":"https:\/\/pcf08.com\/index.php\/wp-json\/wp\/v2\/posts\/2794","targetHints":{"allow":["GET"]}}],"collection":[{"href":"https:\/\/pcf08.com\/index.php\/wp-json\/wp\/v2\/posts"}],"about":[{"href":"https:\/\/pcf08.com\/index.php\/wp-json\/wp\/v2\/types\/post"}],"author":[{"embeddable":true,"href":"https:\/\/pcf08.com\/index.php\/wp-json\/wp\/v2\/users\/4"}],"replies":[{"embeddable":true,"href":"https:\/\/pcf08.com\/index.php\/wp-json\/wp\/v2\/comments?post=2794"}],"version-history":[{"count":1,"href":"https:\/\/pcf08.com\/index.php\/wp-json\/wp\/v2\/posts\/2794\/revisions"}],"predecessor-version":[{"id":2796,"href":"https:\/\/pcf08.com\/index.php\/wp-json\/wp\/v2\/posts\/2794\/revisions\/2796"}],"wp:attachment":[{"href":"https:\/\/pcf08.com\/index.php\/wp-json\/wp\/v2\/media?parent=2794"}],"wp:term":[{"taxonomy":"category","embeddable":true,"href":"https:\/\/pcf08.com\/index.php\/wp-json\/wp\/v2\/categories?post=2794"},{"taxonomy":"post_tag","embeddable":true,"href":"https:\/\/pcf08.com\/index.php\/wp-json\/wp\/v2\/tags?post=2794"}],"curies":[{"name":"wp","href":"https:\/\/api.w.org\/{rel}","templated":true}]}}