{"id":2789,"date":"2024-02-23T13:33:25","date_gmt":"2024-02-23T12:33:25","guid":{"rendered":"http:\/\/pcf08.com\/?p=2789"},"modified":"2024-02-23T13:33:25","modified_gmt":"2024-02-23T12:33:25","slug":"crise-au-senegal-une-histoire-francafricaine","status":"publish","type":"post","link":"https:\/\/pcf08.com\/index.php\/2024\/02\/23\/crise-au-senegal-une-histoire-francafricaine\/","title":{"rendered":"Crise au S\u00e9n\u00e9gal\u00a0: une histoire fran\u00e7africaine"},"content":{"rendered":"<p align=\"justify\"><span style=\"font-family: Calibri, sans-serif;\"><span style=\"font-size: medium;\"><img loading=\"lazy\" decoding=\"async\" class=\"size-full wp-image-2790 alignleft\" src=\"https:\/\/pcf08.com\/wp-content\/uploads\/2024\/02\/senegal-1758974__180.png\" alt=\"\" width=\"245\" height=\"180\" \/>A 3 semaines du scrutin, le pr\u00e9sident sortant du S\u00e9n\u00e9gal Macky Sall d\u00e9cide de reporter l\u2019\u00e9lection. Cette d\u00e9cision est ent\u00e9rin\u00e9e par l\u2019Assembl\u00e9e nationale apr\u00e8s l\u2019expulsion d\u2019une centaine de d\u00e9put\u00e9s de l\u2019opposition par la gendarmerie\u00a0! L\u2019Assembl\u00e9e, dans la foul\u00e9e, a aussi vot\u00e9 le maintien de Mr Sall jusqu\u2019\u00e0 la prise de fonction de son \u00e9ventuel successeur.<\/span><\/span><\/p>\n<p align=\"justify\"><span style=\"font-family: Calibri, sans-serif;\"><span style=\"font-size: medium;\">Un coup d\u2019\u00c9tat civil avec des manifestations interdites et durement r\u00e9prim\u00e9es\u00a0: 3 morts, 60 bless\u00e9s, au moins 271 personnes arr\u00eat\u00e9es et des journalistes agress\u00e9s.<\/span><\/span><\/p>\n<p align=\"justify\"><span style=\"font-family: Calibri, sans-serif;\"><span style=\"font-size: medium;\">Pourtant interdit par la Constitution, le pr\u00e9sident sortant voulait se repr\u00e9senter pour un 3\u00e8me mandat. Arriv\u00e9 au pouvoir, le S\u00e9n\u00e9gal \u00e9tait consid\u00e9r\u00e9 comme phare de la d\u00e9mocratie bien qu\u2019imparfaite, et des droits humains. M. Sall s\u2019est malheureusement employ\u00e9 \u00e0 d\u00e9truire les conquis d\u00e9mocratiques en s\u2019aidant de la justice, la police et la gendarmerie.<\/span><\/span><\/p>\n<p align=\"justify\"><span style=\"font-family: Calibri, sans-serif;\"><span style=\"font-size: medium;\">Jamais un scrutin n\u2019avait \u00e9t\u00e9 ainsi report\u00e9 et aussi loin dans le temps. Le 25 f\u00e9vrier, un candidat aurait peut-\u00eatre pu \u00eatre \u00e9lu pour \u0153uvrer \u00e0 l\u2019autonomie du pays en \u00e9tant issu d\u2019\u00e9lections \u00ab\u00a0normales\u00a0\u00bb.<\/span><\/span><\/p>\n<p align=\"justify\"><span style=\"font-family: Calibri, sans-serif;\"><span style=\"font-size: medium;\">Cette p\u00e9riode chaotique risque d\u2019aboutir \u00e0 la d\u00e9stabilisation du pays. <\/span><\/span><\/p>\n<p align=\"justify\"><span style=\"font-family: Calibri, sans-serif;\"><span style=\"font-size: medium;\">La situation actuelle fait l\u2019objet d\u2019une grande attention internationale. Les \u00c9tats-Unis et l\u2019Europe dont au 1<sup>er<\/sup> chef la France, ont fait part de leurs pr\u00e9occupations. En effet, ces puissances imp\u00e9rialistes souhaitent maintenir une orientation favorable \u00e0 leurs int\u00e9r\u00eats \u00e9conomiques.<\/span><\/span><\/p>\n<p align=\"justify\"><span style=\"font-family: Calibri, sans-serif;\"><span style=\"font-size: medium;\">Le pr\u00e9sident sortant a les faveurs des Occidentaux. Il est un alli\u00e9 de Macron sur le plan diplomatique comme id\u00e9ologique.<\/span><\/span><\/p>\n<p align=\"justify\"><span style=\"font-family: Calibri, sans-serif;\"><span style=\"font-size: medium;\">L\u2019enjeu \u00e9conomique du moment ce sont les ressources p\u00e9troli\u00e8res prochainement exploitables qui aiguisent l\u2019app\u00e9tit des dirigeants s\u00e9n\u00e9galais mais aussi des compagnies p\u00e9troli\u00e8res occidentales comme Bollor\u00e9 et TotalEnergies en France. La domination \u00e9conomique symbolis\u00e9e par le pillage des ressources est au c\u0153ur des crises sociales et des griefs formul\u00e9s par la jeunesse.<\/span><\/span><\/p>\n<p align=\"justify\"><span style=\"font-family: Calibri, sans-serif;\"><span style=\"font-size: medium;\">La date initiale des \u00e9lections pr\u00e9sidentielles est pr\u00e9vue le 25 f\u00e9vrier, le mandat l\u00e9gal se terminant le 2 avril mais le pr\u00e9sident souhaite repousser la date de l\u2019\u00e9lection au 15 d\u00e9cembre\u00a0et de ce fait se maintenir en fonction ill\u00e9galement.<\/span><\/span><\/p>\n<p align=\"justify\"><span style=\"font-family: Calibri, sans-serif;\"><span style=\"font-size: medium;\">Le Conseil Constitutionnel exige quant \u00e0 lui des \u00e9lections dans les meilleurs d\u00e9lais\u2026<\/span><\/span><\/p>\n<p align=\"right\"><span style=\"color: #000000;\"><span style=\"font-family: Calibri, sans-serif;\"><span style=\"font-size: medium;\">Corine POSTAL<\/span><\/span><\/span><\/p>\n","protected":false},"excerpt":{"rendered":"<p>A 3 semaines du scrutin, le pr\u00e9sident sortant du S\u00e9n\u00e9gal Macky Sall d\u00e9cide de reporter l\u2019\u00e9lection. Cette d\u00e9cision est ent\u00e9rin\u00e9e par l\u2019Assembl\u00e9e nationale apr\u00e8s l\u2019expulsion d\u2019une centaine de d\u00e9put\u00e9s de l\u2019opposition par la gendarmerie\u00a0! L\u2019Assembl\u00e9e, dans la foul\u00e9e, a aussi vot\u00e9 le maintien de Mr Sall jusqu\u2019\u00e0 la prise de fonction de son \u00e9ventuel successeur. [&hellip;]<\/p>\n","protected":false},"author":4,"featured_media":0,"comment_status":"closed","ping_status":"open","sticky":false,"template":"","format":"standard","meta":{"saved_in_kubio":false,"footnotes":""},"categories":[1],"tags":[],"class_list":["post-2789","post","type-post","status-publish","format-standard","hentry","category-non-classe"],"_links":{"self":[{"href":"https:\/\/pcf08.com\/index.php\/wp-json\/wp\/v2\/posts\/2789","targetHints":{"allow":["GET"]}}],"collection":[{"href":"https:\/\/pcf08.com\/index.php\/wp-json\/wp\/v2\/posts"}],"about":[{"href":"https:\/\/pcf08.com\/index.php\/wp-json\/wp\/v2\/types\/post"}],"author":[{"embeddable":true,"href":"https:\/\/pcf08.com\/index.php\/wp-json\/wp\/v2\/users\/4"}],"replies":[{"embeddable":true,"href":"https:\/\/pcf08.com\/index.php\/wp-json\/wp\/v2\/comments?post=2789"}],"version-history":[{"count":1,"href":"https:\/\/pcf08.com\/index.php\/wp-json\/wp\/v2\/posts\/2789\/revisions"}],"predecessor-version":[{"id":2791,"href":"https:\/\/pcf08.com\/index.php\/wp-json\/wp\/v2\/posts\/2789\/revisions\/2791"}],"wp:attachment":[{"href":"https:\/\/pcf08.com\/index.php\/wp-json\/wp\/v2\/media?parent=2789"}],"wp:term":[{"taxonomy":"category","embeddable":true,"href":"https:\/\/pcf08.com\/index.php\/wp-json\/wp\/v2\/categories?post=2789"},{"taxonomy":"post_tag","embeddable":true,"href":"https:\/\/pcf08.com\/index.php\/wp-json\/wp\/v2\/tags?post=2789"}],"curies":[{"name":"wp","href":"https:\/\/api.w.org\/{rel}","templated":true}]}}