{"id":2786,"date":"2024-02-15T14:19:45","date_gmt":"2024-02-15T13:19:45","guid":{"rendered":"http:\/\/pcf08.com\/?p=2786"},"modified":"2024-02-15T14:19:45","modified_gmt":"2024-02-15T13:19:45","slug":"affaissement-de-talus-un-danger-permanent","status":"publish","type":"post","link":"https:\/\/pcf08.com\/index.php\/2024\/02\/15\/affaissement-de-talus-un-danger-permanent\/","title":{"rendered":"Affaissement de talus, un danger permanent"},"content":{"rendered":"<p align=\"justify\"><span style=\"color: #000000;\"><span style=\"font-family: Calibri, sans-serif;\"><span style=\"font-size: medium;\"><img loading=\"lazy\" decoding=\"async\" class=\"size-medium wp-image-2787 alignleft\" src=\"https:\/\/pcf08.com\/wp-content\/uploads\/2024\/02\/affaissement-300x300.jpg\" alt=\"\" width=\"300\" height=\"300\" srcset=\"https:\/\/pcf08.com\/wp-content\/uploads\/2024\/02\/affaissement-300x300.jpg 300w, https:\/\/pcf08.com\/wp-content\/uploads\/2024\/02\/affaissement-150x150.jpg 150w, https:\/\/pcf08.com\/wp-content\/uploads\/2024\/02\/affaissement.jpg 550w\" sizes=\"(max-width: 300px) 100vw, 300px\" \/>Suite aux intemp\u00e9ries qui frappent notre d\u00e9partement depuis plusieurs jours le talus situ\u00e9 chemin sous les roches a connu un l\u00e9ger \u00e9boulement. Cette partie de voirie est instable et risque \u00e0 tout moment une chute de roches et d\u2019arbres beaucoup plus grave que celle qui vient de se produire. Il est urgent d\u2019entreprendre des travaux de consolidation sur cette route tr\u00e8s fr\u00e9quent\u00e9e. <\/span><\/span><\/span><\/p>\n<p align=\"justify\"><span style=\"color: #000000;\"><span style=\"font-family: Calibri, sans-serif;\"><span style=\"font-size: medium;\">Parcelles essentiellement compos\u00e9es de propri\u00e9t\u00e9s priv\u00e9es la collectivit\u00e9 doit impulser une rencontre avec tous les propri\u00e9taires afin de d\u00e9terminer et d\u2019engager la mise en s\u00e9curit\u00e9 du site. Il ne faut pas attendre une catastrophe plus grave pour r\u00e9agir. Comme je le r\u00e9clame depuis longtemps il faut prendre en compte qu\u2019il s\u2019agit des contreforts du massif de l\u2019Ardenne et qu\u2019il est indispensable d\u2019en surveiller l\u2019\u00e9volution. <\/span><\/span><\/span><\/p>\n<p align=\"right\"><span style=\"color: #000000;\"><span style=\"font-family: Calibri, sans-serif;\"><span style=\"font-size: medium;\"> Sylvain DALLA ROSA<\/span><\/span><\/span><\/p>\n","protected":false},"excerpt":{"rendered":"<p>Suite aux intemp\u00e9ries qui frappent notre d\u00e9partement depuis plusieurs jours le talus situ\u00e9 chemin sous les roches a connu un l\u00e9ger \u00e9boulement. Cette partie de voirie est instable et risque \u00e0 tout moment une chute de roches et d\u2019arbres beaucoup plus grave que celle qui vient de se produire. Il est urgent d\u2019entreprendre des travaux [&hellip;]<\/p>\n","protected":false},"author":4,"featured_media":0,"comment_status":"closed","ping_status":"open","sticky":false,"template":"","format":"standard","meta":{"saved_in_kubio":false,"footnotes":""},"categories":[1],"tags":[],"class_list":["post-2786","post","type-post","status-publish","format-standard","hentry","category-non-classe"],"_links":{"self":[{"href":"https:\/\/pcf08.com\/index.php\/wp-json\/wp\/v2\/posts\/2786","targetHints":{"allow":["GET"]}}],"collection":[{"href":"https:\/\/pcf08.com\/index.php\/wp-json\/wp\/v2\/posts"}],"about":[{"href":"https:\/\/pcf08.com\/index.php\/wp-json\/wp\/v2\/types\/post"}],"author":[{"embeddable":true,"href":"https:\/\/pcf08.com\/index.php\/wp-json\/wp\/v2\/users\/4"}],"replies":[{"embeddable":true,"href":"https:\/\/pcf08.com\/index.php\/wp-json\/wp\/v2\/comments?post=2786"}],"version-history":[{"count":1,"href":"https:\/\/pcf08.com\/index.php\/wp-json\/wp\/v2\/posts\/2786\/revisions"}],"predecessor-version":[{"id":2788,"href":"https:\/\/pcf08.com\/index.php\/wp-json\/wp\/v2\/posts\/2786\/revisions\/2788"}],"wp:attachment":[{"href":"https:\/\/pcf08.com\/index.php\/wp-json\/wp\/v2\/media?parent=2786"}],"wp:term":[{"taxonomy":"category","embeddable":true,"href":"https:\/\/pcf08.com\/index.php\/wp-json\/wp\/v2\/categories?post=2786"},{"taxonomy":"post_tag","embeddable":true,"href":"https:\/\/pcf08.com\/index.php\/wp-json\/wp\/v2\/tags?post=2786"}],"curies":[{"name":"wp","href":"https:\/\/api.w.org\/{rel}","templated":true}]}}