{"id":2770,"date":"2024-02-09T15:42:33","date_gmt":"2024-02-09T14:42:33","guid":{"rendered":"http:\/\/pcf08.com\/?p=2770"},"modified":"2024-02-09T15:42:33","modified_gmt":"2024-02-09T14:42:33","slug":"toujours-moins-de-moyens-pour-leducation-nationale","status":"publish","type":"post","link":"https:\/\/pcf08.com\/index.php\/2024\/02\/09\/toujours-moins-de-moyens-pour-leducation-nationale\/","title":{"rendered":"Toujours moins de moyens pour l\u2019\u00c9ducation Nationale"},"content":{"rendered":"<p align=\"justify\"><span style=\"font-family: Calibri, sans-serif;\"><span style=\"font-size: small;\"><img loading=\"lazy\" decoding=\"async\" class=\"size-medium wp-image-2771 alignleft\" src=\"https:\/\/pcf08.com\/wp-content\/uploads\/2024\/02\/photomanif1fevrier-300x225.jpg\" alt=\"\" width=\"300\" height=\"225\" srcset=\"https:\/\/pcf08.com\/wp-content\/uploads\/2024\/02\/photomanif1fevrier-300x225.jpg 300w, https:\/\/pcf08.com\/wp-content\/uploads\/2024\/02\/photomanif1fevrier-768x576.jpg 768w, https:\/\/pcf08.com\/wp-content\/uploads\/2024\/02\/photomanif1fevrier.jpg 800w\" sizes=\"(max-width: 300px) 100vw, 300px\" \/>Apr\u00e8s le boycott du Conseil social acad\u00e9mique (CSA), le 24 janvier, par les organisations syndicales dont la CGT Educ\u2019action, le CSA d\u00e9partemental s\u2019est tenu le mercredi 31 janvier \u00e0 la veille d\u2019une journ\u00e9e de gr\u00e8ve et de manifestation nationale dans l\u2019\u00c9ducation Nationale. Lors de sa conf\u00e9rence de presse du 17 janvier, Emmanuel Macron s\u2019est appesanti largement sur l\u2019\u00c9ducation. Les annonces qu\u2019il a \u00e9gren\u00e9es (r\u00e9armement civique, apprentissage de la Marseillaise et c\u00e9r\u00e9monies de remises de dipl\u00f4mes qui, par ailleurs, existent d\u00e9j\u00e0, port de l\u2019uniforme, SNU, labellisation des manuels de fran\u00e7ais et maths en cycle 2, nouveaux programmes\u2026entre autres) n\u2019ont pas convaincu. Les personnels s\u2019interrogent \u00e9galement sur la mise en place des mesures du Choc des savoirs pr\u00e9vue \u00e0 la rentr\u00e9e 2024, mesures qui vont accentuer les in\u00e9galit\u00e9s et le s\u00e9paratisme rendant notre syst\u00e8me \u00e9ducatif encore plus s\u00e9lectif qu\u2019il ne l\u2019est malheureusement d\u00e9j\u00e0. <\/span><\/span><\/p>\n<p align=\"justify\"><span style=\"font-family: Calibri, sans-serif;\"><span style=\"font-size: small;\">Pour les personnels, les conditions de travail sont une pr\u00e9occupation majeure. Les postes non pourvus et les manques de personnels dans les \u00e9coles, dans les \u00e9tablissements et services sont, cette ann\u00e9e encore, extr\u00eamement nombreux. Personnels absents non remplac\u00e9s, surcharge de travail et mutualisation des moyens dans les services, formation continue sacrifi\u00e9e et saccag\u00e9e, inclusion sans moyens, sureffectifs dans les classes, etc&#8230; Tout cela contribue \u00e0 d\u00e9grader encore davantage les conditions de travail et \u00e0 cultiver la pr\u00e9carit\u00e9 \u00e0 tous les \u00e9tages. Par ailleurs, planent toujours les effets de r\u00e9formes n\u00e9fastes pour le syst\u00e8me scolaire, la r\u00e9forme de la voie pro en est l\u2019un des exemples. <\/span><\/span><\/p>\n<p align=\"justify\"><span style=\"font-family: Calibri, sans-serif;\"><span style=\"font-size: small;\">Concernant la carte scolaire 1<sup>er<\/sup> degr\u00e9 (\u00e9coles primaires), force est de constater que celles-ci vont encore se d\u00e9grader \u00e0 la rentr\u00e9e 2024, avec la fermeture programm\u00e9e de 35 classes, une \u00e9cole maternelle et la suppression de 28 postes.<\/span><\/span><\/p>\n<p align=\"justify\"><span style=\"font-family: Calibri, sans-serif;\"><span style=\"font-size: small;\">Comme chaque ann\u00e9e, l\u2019argument de l\u2019administration pour justifier ces retraits est la baisse d\u00e9mographique de notre d\u00e9partement. Pourtant, profiter de cette baisse pourrait avoir un effet ciseau qui servirait \u00e0 l\u2019all\u00e9gement du nombre d\u2019\u00e9l\u00e8ves par classes, au \u00ab\u00a0plus de ma\u00eetres que de classes\u00a0\u00bb, \u00e0 l\u2019augmentation du nombre de postes de rempla\u00e7ant.es et de d\u00e9charges de direction&#8230;Ces pertes de moyens vont frapper durement les \u00e9coles concern\u00e9es, avec des r\u00e9percussions sur les \u00e9quipes p\u00e9dagogiques et leurs conditions de travail<\/span><\/span><\/p>\n<p align=\"justify\"><span style=\"font-family: Calibri, sans-serif;\"><span style=\"font-size: small;\">Il n\u2019y a \u00e0 ce jour pas de plan d&rsquo;urgence, pas de plan sur le long terme, ce gouvernement organise lui-m\u00eame le dysfonctionnement des \u00e9coles et la p\u00e9nurie des personnels. Il est le 1er responsable de la mis\u00e8re du service public de l\u2019\u00c9ducation Nationale. <\/span><\/span><\/p>\n<p align=\"justify\"><span style=\"font-family: Calibri, sans-serif;\"><span style=\"font-size: small;\">C\u2019est pourquoi, les enseignants se sont mobilis\u00e9s d\u00e9but f\u00e9vrier pour d\u00e9noncer une situation catastrophique. Le 1<sup>er<\/sup> f\u00e9vrier une d\u00e9l\u00e9gation intersyndicale soutenue par les communistes ardennais a \u00e9t\u00e9 re\u00e7ue par Madame la Directrice d\u2019Acad\u00e9mie afin de transmettre les revendications port\u00e9es par les gr\u00e9vistes.<\/span><\/span><\/p>\n<p align=\"right\"><span style=\"font-family: Calibri, sans-serif;\"><span style=\"font-size: small;\">C\u00e9line MEYERS<\/span><\/span><\/p>\n","protected":false},"excerpt":{"rendered":"<p>Apr\u00e8s le boycott du Conseil social acad\u00e9mique (CSA), le 24 janvier, par les organisations syndicales dont la CGT Educ\u2019action, le CSA d\u00e9partemental s\u2019est tenu le mercredi 31 janvier \u00e0 la veille d\u2019une journ\u00e9e de gr\u00e8ve et de manifestation nationale dans l\u2019\u00c9ducation Nationale. Lors de sa conf\u00e9rence de presse du 17 janvier, Emmanuel Macron s\u2019est appesanti [&hellip;]<\/p>\n","protected":false},"author":4,"featured_media":0,"comment_status":"closed","ping_status":"open","sticky":false,"template":"","format":"standard","meta":{"saved_in_kubio":false,"footnotes":""},"categories":[1],"tags":[],"class_list":["post-2770","post","type-post","status-publish","format-standard","hentry","category-non-classe"],"_links":{"self":[{"href":"https:\/\/pcf08.com\/index.php\/wp-json\/wp\/v2\/posts\/2770","targetHints":{"allow":["GET"]}}],"collection":[{"href":"https:\/\/pcf08.com\/index.php\/wp-json\/wp\/v2\/posts"}],"about":[{"href":"https:\/\/pcf08.com\/index.php\/wp-json\/wp\/v2\/types\/post"}],"author":[{"embeddable":true,"href":"https:\/\/pcf08.com\/index.php\/wp-json\/wp\/v2\/users\/4"}],"replies":[{"embeddable":true,"href":"https:\/\/pcf08.com\/index.php\/wp-json\/wp\/v2\/comments?post=2770"}],"version-history":[{"count":1,"href":"https:\/\/pcf08.com\/index.php\/wp-json\/wp\/v2\/posts\/2770\/revisions"}],"predecessor-version":[{"id":2772,"href":"https:\/\/pcf08.com\/index.php\/wp-json\/wp\/v2\/posts\/2770\/revisions\/2772"}],"wp:attachment":[{"href":"https:\/\/pcf08.com\/index.php\/wp-json\/wp\/v2\/media?parent=2770"}],"wp:term":[{"taxonomy":"category","embeddable":true,"href":"https:\/\/pcf08.com\/index.php\/wp-json\/wp\/v2\/categories?post=2770"},{"taxonomy":"post_tag","embeddable":true,"href":"https:\/\/pcf08.com\/index.php\/wp-json\/wp\/v2\/tags?post=2770"}],"curies":[{"name":"wp","href":"https:\/\/api.w.org\/{rel}","templated":true}]}}