{"id":276,"date":"2020-05-25T12:45:19","date_gmt":"2020-05-25T10:45:19","guid":{"rendered":"http:\/\/pcf08.com\/?p=276"},"modified":"2020-05-25T12:45:19","modified_gmt":"2020-05-25T10:45:19","slug":"face-aux-difficultes-un-moratoire-des-loyers","status":"publish","type":"post","link":"https:\/\/pcf08.com\/index.php\/2020\/05\/25\/face-aux-difficultes-un-moratoire-des-loyers\/","title":{"rendered":"Face aux difficult\u00e9s, un moratoire des loyers"},"content":{"rendered":"<p class=\"western\" align=\"justify\"><img loading=\"lazy\" decoding=\"async\" class=\"size-full wp-image-277 alignleft\" src=\"https:\/\/pcf08.com\/wp-content\/uploads\/2020\/05\/loyer.jpg\" alt=\"\" width=\"278\" height=\"181\" \/>En pleine crise du capitalisme, amplifi\u00e9e par la crise du COVID-19 les locataires sont une fois de plus parmi les grands oubli\u00e9s. Pour pallier \u00e0 cela, plusieurs associations de locataires demandent (entre autre) un moratoire des loyers. Historiquement c\u2019est une revendication forte du mouvement ouvrier face aux p\u00e9riodes de crises\u00a0; durant le si\u00e8ge de Paris de 1870 par exemple. C\u2019est pour cela que la CNL, qui s\u2019inscrit dans cette lign\u00e9e historique, f\u00fbt la premi\u00e8re association de d\u00e9fense des locataires \u00e0 demander la mise en place imm\u00e9diate d\u2019un moratoire.<\/p>\n<p align=\"justify\"><span style=\"font-family: Times New Roman, serif;\"><span style=\"font-size: medium;\"> Face aux difficult\u00e9s des entreprises, Macron a annonc\u00e9 la mise en place de mesures d\u2019accompagnement, de garanties d\u2019emprunts de l\u2019Etat \u00e0 hauteur de 300 milliards, de report de cotisations et autres. En d\u2019autres termes, un all\u00e8gement significatif pour \u00e9viter la d\u00e9route et la faillite de ces entreprises. <\/span><\/span><\/p>\n<p align=\"justify\"><span style=\"font-family: Times New Roman, serif;\"><span style=\"font-size: medium;\"><strong> Pour les bailleurs sociaux ardennais (Habitat 08 et Espace Habitat) La CNL08 demande qu\u2019il en soit de m\u00eame pour les locataires\u00a0:<\/strong> l\u2019endettement d\u2019un tr\u00e8s grand nombre de familles, avec les mesures li\u00e9es au confinement, va encore s\u2019aggraver. Il est urgent que l\u2019Etat accompagne \u00e9galement la population qui vit des situations de ch\u00f4mage technique, perte d\u2019emploi d\u00e9finitive, perte d\u2019activit\u00e9 partielle ou totale, un bouleversement de vie dans leur sph\u00e8re priv\u00e9e. <\/span><\/span><\/p>\n","protected":false},"excerpt":{"rendered":"<p>En pleine crise du capitalisme, amplifi\u00e9e par la crise du COVID-19 les locataires sont une fois de plus parmi les grands oubli\u00e9s. Pour pallier \u00e0 cela, plusieurs associations de locataires demandent (entre autre) un moratoire des loyers. Historiquement c\u2019est une revendication forte du mouvement ouvrier face aux p\u00e9riodes de crises\u00a0; durant le si\u00e8ge de Paris [&hellip;]<\/p>\n","protected":false},"author":2,"featured_media":0,"comment_status":"closed","ping_status":"open","sticky":false,"template":"","format":"standard","meta":{"saved_in_kubio":false,"footnotes":""},"categories":[1],"tags":[],"class_list":["post-276","post","type-post","status-publish","format-standard","hentry","category-non-classe"],"_links":{"self":[{"href":"https:\/\/pcf08.com\/index.php\/wp-json\/wp\/v2\/posts\/276","targetHints":{"allow":["GET"]}}],"collection":[{"href":"https:\/\/pcf08.com\/index.php\/wp-json\/wp\/v2\/posts"}],"about":[{"href":"https:\/\/pcf08.com\/index.php\/wp-json\/wp\/v2\/types\/post"}],"author":[{"embeddable":true,"href":"https:\/\/pcf08.com\/index.php\/wp-json\/wp\/v2\/users\/2"}],"replies":[{"embeddable":true,"href":"https:\/\/pcf08.com\/index.php\/wp-json\/wp\/v2\/comments?post=276"}],"version-history":[{"count":1,"href":"https:\/\/pcf08.com\/index.php\/wp-json\/wp\/v2\/posts\/276\/revisions"}],"predecessor-version":[{"id":278,"href":"https:\/\/pcf08.com\/index.php\/wp-json\/wp\/v2\/posts\/276\/revisions\/278"}],"wp:attachment":[{"href":"https:\/\/pcf08.com\/index.php\/wp-json\/wp\/v2\/media?parent=276"}],"wp:term":[{"taxonomy":"category","embeddable":true,"href":"https:\/\/pcf08.com\/index.php\/wp-json\/wp\/v2\/categories?post=276"},{"taxonomy":"post_tag","embeddable":true,"href":"https:\/\/pcf08.com\/index.php\/wp-json\/wp\/v2\/tags?post=276"}],"curies":[{"name":"wp","href":"https:\/\/api.w.org\/{rel}","templated":true}]}}