{"id":272,"date":"2020-05-25T12:39:31","date_gmt":"2020-05-25T10:39:31","guid":{"rendered":"http:\/\/pcf08.com\/?p=272"},"modified":"2020-05-25T12:39:31","modified_gmt":"2020-05-25T10:39:31","slug":"on-applaudit-mais-surtout-on-noublie-pas","status":"publish","type":"post","link":"https:\/\/pcf08.com\/index.php\/2020\/05\/25\/on-applaudit-mais-surtout-on-noublie-pas\/","title":{"rendered":"On applaudit, mais surtout on n&rsquo;oublie pas"},"content":{"rendered":"<p class=\"western\" align=\"justify\"><span style=\"font-size: small;\"><span style=\"font-size: medium;\"><img loading=\"lazy\" decoding=\"async\" class=\"size-medium wp-image-273 alignleft\" src=\"https:\/\/pcf08.com\/wp-content\/uploads\/2020\/05\/ardenneshopital-300x169.jpg\" alt=\"\" width=\"300\" height=\"169\" srcset=\"https:\/\/pcf08.com\/wp-content\/uploads\/2020\/05\/ardenneshopital-300x169.jpg 300w, https:\/\/pcf08.com\/wp-content\/uploads\/2020\/05\/ardenneshopital-1024x576.jpg 1024w, https:\/\/pcf08.com\/wp-content\/uploads\/2020\/05\/ardenneshopital-768x432.jpg 768w, https:\/\/pcf08.com\/wp-content\/uploads\/2020\/05\/ardenneshopital.jpg 1189w\" sizes=\"(max-width: 300px) 100vw, 300px\" \/>Avec la crise sanitaire actuelle on parle beaucoup de l\u2019h\u00f4pital. Il est peut-\u00eatre utile de rappeler comment celui-ci est financ\u00e9. Pas par l\u2019imp\u00f4t mais par la S\u00e9curit\u00e9 Sociale.<\/span><\/span><\/p>\n<p class=\"western\" align=\"justify\"><span style=\"font-size: small;\"><span style=\"font-size: medium;\">Cela nous am\u00e8ne \u00e0 \u00e9voquer comment est financ\u00e9e la S\u00e9cu\u00a0? En grande partie c\u2019est par les COTISATIONS sociales ce que le patronat appelle les charges.<\/span><\/span><\/p>\n<p class=\"western\" align=\"justify\"><span style=\"font-size: medium;\">D\u2019autre part, chaque ann\u00e9e depuis les ordonnances Jupp\u00e9 de 96, le taux de l\u2019ONDAM (objectif de d\u00e9penses pour l\u2019Assurance maladie) propos\u00e9 par le gouvernement dans le cadre du PLFSS (plan de financement de la S\u00e9cu) est vot\u00e9 \u00e0 l\u2019assembl\u00e9e nationale par les d\u00e9put\u00e9s et d\u00e9cide de la part de la richesse nationale accord\u00e9e aux d\u00e9penses de sant\u00e9, notamment pour l\u2019h\u00f4pital.<\/span><\/p>\n<p class=\"western\" align=\"justify\"><span style=\"font-size: medium;\">A force d\u2019exon\u00e9rer les patrons de cotisations sociales sous pr\u00e9texte de comp\u00e9titivit\u00e9,<\/span><\/p>\n<p class=\"western\" align=\"justify\"><span style=\"font-size: small;\"><span style=\"font-size: medium;\">A force de faire croire aux salari\u00e9s qu\u2019en diminuant leurs cotisations sociales leur salaire augmente,<\/span><\/span><\/p>\n<p class=\"western\" align=\"justify\"><span style=\"font-size: medium;\">A <span id=\"Cadre2\" dir=\"ltr\"><\/span><\/span><span style=\"font-size: medium;\">force de voter chaque ann\u00e9e un ONDAM insuffisant pour une sant\u00e9 publique du XXI\u00e8me si\u00e8cle, l\u2019h\u00f4pital est en crise depuis de nombreuses ann\u00e9es par manque de recettes.<\/span><\/p>\n<p class=\"western\" align=\"justify\"><span style=\"font-size: medium;\">Mais l\u00e0, \u00ab\u00a0rien ne sera plus comme avant\u00a0\u00bb dixit le Pr\u00e9sident de la R\u00e9publique\u00a0! Ah bon\u2026<\/span><\/p>\n<p class=\"western\" align=\"justify\"><span style=\"font-size: small;\"><span style=\"font-size: medium;\">Le directeur de l\u2019Agence r\u00e9gionale de la sant\u00e9 (ARS Grand EST) et sans vouloir le d\u00e9fendre, a \u00e9t\u00e9 limog\u00e9 car il a dit tout haut ce que le gouvernement a fait tout bas. Il a confirm\u00e9 en pleine crise sanitaire la suppression de 174 lits au CHRU de Nancy.<\/span><\/span><\/p>\n<p class=\"western\" align=\"justify\"><span style=\"font-size: medium;\">Avec un budget rectificatif 2020 de 0 euros pour l\u2019h\u00f4pital, \u00e7a continue comme avant mais\u2026 en sourdine.<\/span><\/p>\n<p class=\"western\" align=\"justify\"><span style=\"font-size: small;\"><span style=\"font-size: medium;\">En effet, comment expliquer en pleine \u00e9pid\u00e9mie du Covid 19 que les diff\u00e9rents gouvernements sont responsables des difficult\u00e9s r\u00e9currentes dont souffre l\u2019h\u00f4pital depuis des dizaines d\u2019ann\u00e9es. Le manque de postes et de moyens rend plus insupportable le travail des soignants. Elles sont pourtant d\u00e9nonc\u00e9es de longue date par certains partis politiques, PCF en t\u00eate, syndicats, associations d\u2019usagers, collectifs\u2026Aucun responsable ne peut dire qu\u2019il ne savait pas, sauf \u00e0 \u00eatre dans le d\u00e9ni.<\/span><\/span><\/p>\n<p class=\"western\" align=\"justify\"><span style=\"font-size: medium;\">Localement, la fusion des 4 h\u00f4pitaux Nord-Ardennais en un h\u00f4pital unique nomm\u00e9 \u00ab\u00a0CHINA\u00a0\u00bb (\u00e7a ne s\u2019invente pas\u00a0! les autorit\u00e9s \u00e7a ose tout c\u2019est m\u00eame \u00e0 \u00e7a qu\u2019on les reconna\u00eet) est l\u2019illustration des \u00e9conomies impos\u00e9es au d\u00e9triment d\u2019une offre de soins sur tout le territoire pour toute et tous.<\/span><\/p>\n<p class=\"western\" align=\"justify\"><span style=\"font-size: medium;\">D\u2019ailleurs, le maire de Charleville-M\u00e9zi\u00e8res et pr\u00e9sident du Conseil de surveillance de ce nouvel \u00e9tablissement, \u00e0 d\u00e9faut de jacinthes (qu\u2019il a fait distribuer aux personnels de Manchester), aurait d\u00fb, le moment venu, rendre hommage aux h\u00f4pitaux de Charleville-M\u00e9zi\u00e8res, Sedan, Nouzonville et Fumay puisqu\u2019il a consenti \u00e0 les sacrifier sur l\u2019autel de l\u2019aust\u00e9rit\u00e9.<\/span><\/p>\n<p class=\"western\" align=\"justify\"><span style=\"font-size: small;\"><span style=\"font-size: medium;\">Idem pour le maire de Sedan et feu pr\u00e9sident du Conseil de l\u2019h\u00f4pital qui, malgr\u00e9 de fortes mobilisations, a accept\u00e9 que cet \u00e9tablissement de proximit\u00e9 ait \u00e9t\u00e9 d\u00e9pec\u00e9 d\u2019une grande partie de ses activit\u00e9s. Mais\u2026, pour g\u00e9rer la crise du Covid 19, 5 lits de r\u00e9animation ont \u00e9t\u00e9 ouverts\u00a0! CQFD.<\/span><\/span><\/p>\n<p class=\"western\" align=\"justify\"><span style=\"font-size: medium;\">La r\u00e9volte gronde dans tous le pays.<\/span><\/p>\n<p class=\"western\" align=\"justify\"><span style=\"font-size: medium;\">Les professionnels et les usagers ne sont pas dupes de vos supercheries \u00ab\u00a0Monsieur Macron\u00a0\u00bb et vos soutiens locaux\u00a0! Et attention, le monde d\u2019apr\u00e8s appartient au peuple.<\/span><\/p>\n<p>&nbsp;<\/p>\n","protected":false},"excerpt":{"rendered":"<p>Avec la crise sanitaire actuelle on parle beaucoup de l\u2019h\u00f4pital. Il est peut-\u00eatre utile de rappeler comment celui-ci est financ\u00e9. Pas par l\u2019imp\u00f4t mais par la S\u00e9curit\u00e9 Sociale. Cela nous am\u00e8ne \u00e0 \u00e9voquer comment est financ\u00e9e la S\u00e9cu\u00a0? En grande partie c\u2019est par les COTISATIONS sociales ce que le patronat appelle les charges. D\u2019autre part, [&hellip;]<\/p>\n","protected":false},"author":2,"featured_media":0,"comment_status":"closed","ping_status":"open","sticky":false,"template":"","format":"standard","meta":{"saved_in_kubio":false,"footnotes":""},"categories":[1],"tags":[],"class_list":["post-272","post","type-post","status-publish","format-standard","hentry","category-non-classe"],"_links":{"self":[{"href":"https:\/\/pcf08.com\/index.php\/wp-json\/wp\/v2\/posts\/272","targetHints":{"allow":["GET"]}}],"collection":[{"href":"https:\/\/pcf08.com\/index.php\/wp-json\/wp\/v2\/posts"}],"about":[{"href":"https:\/\/pcf08.com\/index.php\/wp-json\/wp\/v2\/types\/post"}],"author":[{"embeddable":true,"href":"https:\/\/pcf08.com\/index.php\/wp-json\/wp\/v2\/users\/2"}],"replies":[{"embeddable":true,"href":"https:\/\/pcf08.com\/index.php\/wp-json\/wp\/v2\/comments?post=272"}],"version-history":[{"count":1,"href":"https:\/\/pcf08.com\/index.php\/wp-json\/wp\/v2\/posts\/272\/revisions"}],"predecessor-version":[{"id":274,"href":"https:\/\/pcf08.com\/index.php\/wp-json\/wp\/v2\/posts\/272\/revisions\/274"}],"wp:attachment":[{"href":"https:\/\/pcf08.com\/index.php\/wp-json\/wp\/v2\/media?parent=272"}],"wp:term":[{"taxonomy":"category","embeddable":true,"href":"https:\/\/pcf08.com\/index.php\/wp-json\/wp\/v2\/categories?post=272"},{"taxonomy":"post_tag","embeddable":true,"href":"https:\/\/pcf08.com\/index.php\/wp-json\/wp\/v2\/tags?post=272"}],"curies":[{"name":"wp","href":"https:\/\/api.w.org\/{rel}","templated":true}]}}