{"id":2709,"date":"2024-01-11T11:32:11","date_gmt":"2024-01-11T10:32:11","guid":{"rendered":"http:\/\/pcf08.com\/?p=2709"},"modified":"2024-01-11T11:32:11","modified_gmt":"2024-01-11T10:32:11","slug":"inondations-les-travaux-engages-sont-efficaces","status":"publish","type":"post","link":"https:\/\/pcf08.com\/index.php\/2024\/01\/11\/inondations-les-travaux-engages-sont-efficaces\/","title":{"rendered":"Inondations les travaux engag\u00e9s sont efficaces"},"content":{"rendered":"<p align=\"justify\"><span style=\"font-family: Calibri, sans-serif;\"><span style=\"font-size: small;\"> <img loading=\"lazy\" decoding=\"async\" class=\"size-full wp-image-2710 alignleft\" src=\"https:\/\/pcf08.com\/wp-content\/uploads\/2024\/01\/Logo_de_Voies_navigables_de_France.jpg\" alt=\"\" width=\"255\" height=\"169\" \/>Avec les intemp\u00e9ries que nous connaissons depuis plusieurs semaines, outre les inondations dans certains secteurs, ce sont les berges qui sont fragilis\u00e9es. Sur notre territoire de nombreux arbres sont d\u00e9j\u00e0 tomb\u00e9s ou vont tomber dans la Meuse avec les risques que cela engendre pour les barrages. A Charleville-M\u00e9zi\u00e8res c\u2019est particuli\u00e8rement vrai \u00e0 hauteur de l\u2019\u00eele de Montcy ou du centre aquatique. <\/span><\/span><\/p>\n<p align=\"justify\"><span style=\"font-family: Calibri, sans-serif;\"><span style=\"font-size: small;\"> La hausse de la Meuse, qui traverse la cit\u00e9 carolomac\u00e9rienne, est contenue. Cela gr\u00e2ce aux travaux men\u00e9s par le SIVU (syndicat intercommunal) et r\u00e9alis\u00e9s avec la commune de Warcq au d\u00e9but des ann\u00e9es 1990. Les travaux men\u00e9s sont particuli\u00e8rement efficaces comme on peut le constater avec la crue que nous connaissons aujourd\u2019hui. Malheureusement l\u2019impact sur les inondations risque d\u2019\u00eatre amoindri si l\u2019entretien des berges n\u2019est pas fait r\u00e9guli\u00e8rement. C\u2019est le cas actuellement.<\/span><\/span><\/p>\n<p align=\"justify\"><span id=\"Cadre1\" dir=\"ltr\"><\/span><span style=\"font-family: Calibri, sans-serif;\"><span style=\"font-size: small;\"> Notre d\u00e9partement dispose d\u2019un r\u00e9seau fluvial de 233 kilom\u00e8tres (incluant le canal des Ardennes). Pour l\u2019essentiel c\u2019est VNF qui a la charge d\u2019entretenir les berges et les cours d\u2019eau. La r\u00e9duction des moyens, mat\u00e9riels et humains, qui lui sont attribu\u00e9s ne permettent plus d\u2019effectuer ces t\u00e2ches. Les collectivit\u00e9s ne sont pas en capacit\u00e9 d\u2019effectuer ce travail. Il incombe donc \u00e0 VNF de d\u00e9gager les moyens n\u00e9cessaires pour cet entretien r\u00e9gulier. Afin de sensibiliser l&rsquo;ensemble des partenaires sur la n\u00e9cessit\u00e9 des interventions il serait souhaitable que VNF fasse pr\u00e9valoir un plan d\u2019intervention pluriannuel. Enfin, une sensibilisation des \u00e9lus est souhaitable. Pour aller dans ce sens il me semble n\u00e9cessaire d&rsquo;organiser une rencontre sur le th\u00e8me de l\u2019entretien des berges avec toutes les collectivit\u00e9s concern\u00e9es.<\/span><\/span><\/p>\n<p align=\"justify\"><span style=\"font-family: Calibri, sans-serif;\"><span style=\"font-size: small;\"> Sylvain DALLA ROSA<\/span><\/span><\/p>\n","protected":false},"excerpt":{"rendered":"<p>Avec les intemp\u00e9ries que nous connaissons depuis plusieurs semaines, outre les inondations dans certains secteurs, ce sont les berges qui sont fragilis\u00e9es. Sur notre territoire de nombreux arbres sont d\u00e9j\u00e0 tomb\u00e9s ou vont tomber dans la Meuse avec les risques que cela engendre pour les barrages. A Charleville-M\u00e9zi\u00e8res c\u2019est particuli\u00e8rement vrai \u00e0 hauteur de l\u2019\u00eele [&hellip;]<\/p>\n","protected":false},"author":4,"featured_media":0,"comment_status":"closed","ping_status":"open","sticky":false,"template":"","format":"standard","meta":{"saved_in_kubio":false,"footnotes":""},"categories":[1],"tags":[],"class_list":["post-2709","post","type-post","status-publish","format-standard","hentry","category-non-classe"],"_links":{"self":[{"href":"https:\/\/pcf08.com\/index.php\/wp-json\/wp\/v2\/posts\/2709","targetHints":{"allow":["GET"]}}],"collection":[{"href":"https:\/\/pcf08.com\/index.php\/wp-json\/wp\/v2\/posts"}],"about":[{"href":"https:\/\/pcf08.com\/index.php\/wp-json\/wp\/v2\/types\/post"}],"author":[{"embeddable":true,"href":"https:\/\/pcf08.com\/index.php\/wp-json\/wp\/v2\/users\/4"}],"replies":[{"embeddable":true,"href":"https:\/\/pcf08.com\/index.php\/wp-json\/wp\/v2\/comments?post=2709"}],"version-history":[{"count":1,"href":"https:\/\/pcf08.com\/index.php\/wp-json\/wp\/v2\/posts\/2709\/revisions"}],"predecessor-version":[{"id":2711,"href":"https:\/\/pcf08.com\/index.php\/wp-json\/wp\/v2\/posts\/2709\/revisions\/2711"}],"wp:attachment":[{"href":"https:\/\/pcf08.com\/index.php\/wp-json\/wp\/v2\/media?parent=2709"}],"wp:term":[{"taxonomy":"category","embeddable":true,"href":"https:\/\/pcf08.com\/index.php\/wp-json\/wp\/v2\/categories?post=2709"},{"taxonomy":"post_tag","embeddable":true,"href":"https:\/\/pcf08.com\/index.php\/wp-json\/wp\/v2\/tags?post=2709"}],"curies":[{"name":"wp","href":"https:\/\/api.w.org\/{rel}","templated":true}]}}