{"id":2706,"date":"2024-01-11T11:30:45","date_gmt":"2024-01-11T10:30:45","guid":{"rendered":"http:\/\/pcf08.com\/?p=2706"},"modified":"2024-01-11T11:30:45","modified_gmt":"2024-01-11T10:30:45","slug":"operation-verite-sur-les-salaires-face-a-la-smicardisation-de-la-france-le-gouvernement-doit-agir","status":"publish","type":"post","link":"https:\/\/pcf08.com\/index.php\/2024\/01\/11\/operation-verite-sur-les-salaires-face-a-la-smicardisation-de-la-france-le-gouvernement-doit-agir\/","title":{"rendered":"Op\u00e9ration \u00ab v\u00e9rit\u00e9 sur les salaires \u00bb : face \u00e0 la smicardisation de la France, le Gouvernement doit agir !"},"content":{"rendered":"<p align=\"justify\"><span style=\"font-family: Calibri, sans-serif;\"><span style=\"font-size: small;\"><img loading=\"lazy\" decoding=\"async\" class=\"size-medium wp-image-2707 alignright\" src=\"https:\/\/pcf08.com\/wp-content\/uploads\/2024\/01\/salaires-300x169.png\" alt=\"\" width=\"300\" height=\"169\" srcset=\"https:\/\/pcf08.com\/wp-content\/uploads\/2024\/01\/salaires-300x169.png 300w, https:\/\/pcf08.com\/wp-content\/uploads\/2024\/01\/salaires-768x432.png 768w, https:\/\/pcf08.com\/wp-content\/uploads\/2024\/01\/salaires.png 800w\" sizes=\"(max-width: 300px) 100vw, 300px\" \/>En ce d\u00e9but d\u2019ann\u00e9e 2024, le pouvoir d\u2019achat demeure la priorit\u00e9 des Fran\u00e7ais.<\/span><\/span><\/p>\n<p align=\"justify\"><span style=\"font-family: Calibri, sans-serif;\"><span style=\"font-size: small;\">Ces derni\u00e8res ann\u00e9es, sous les coups de l&rsquo;inflation et en l&rsquo;absence d&rsquo;une v\u00e9ritable politique salariale, la France s\u2019est \u00ab smicardis\u00e9e \u00bb.<\/span><\/span><\/p>\n<p align=\"justify\"><span style=\"font-family: Calibri, sans-serif;\"><span style=\"font-size: small;\">Alors qu&rsquo;en 2021, 12% des travailleurs \u00e9taient pay\u00e9s au SMIC, ils sont aujourd&rsquo;hui 17,3%. La France compte ainsi, en ce d\u00e9but d\u2019ann\u00e9e, 3.1 millions de salari\u00e9s pay\u00e9s au SMIC dont 58% de femmes travaillant dans des secteurs \u00e9conomiques essentiels.<\/span><\/span><\/p>\n<p align=\"justify\"><span style=\"font-family: Calibri, sans-serif;\"><span style=\"font-size: small;\">Cette France condamn\u00e9e aux petits salaires, c\u2019est le r\u00e9sultat d&rsquo;une politique \u00e9conomique sciemment mise en \u0153uvre par le Gouvernement reposant sur l&rsquo;exon\u00e9ration de cotisations sociales sur les bas revenus et le refus d&rsquo;indexer l&rsquo;ensemble des salaires sur l&rsquo;inflation.<\/span><\/span><\/p>\n<p align=\"justify\"><span style=\"font-family: Calibri, sans-serif;\"><span style=\"font-size: small;\">En ce d\u00e9but d&rsquo;ann\u00e9e 2024, ce que veulent les Fran\u00e7aises et les Fran\u00e7ais, c&rsquo;est voir leur pouvoir d&rsquo;achat augmenter et vivre dignement de leur salaire.<\/span><\/span><\/p>\n<p align=\"justify\"><span style=\"font-family: Calibri, sans-serif;\"><span style=\"font-size: small;\">C&rsquo;est pourquoi, le PCF interpelle le Premier ministre sur cette r\u00e9alit\u00e9 inacceptable que le Gouvernement semble ignorer et lance, dans le cadre de sa campagne pour le pouvoir d&rsquo;achat et contre la vie ch\u00e8re, \u00ab l&rsquo;op\u00e9ration v\u00e9rit\u00e9 sur les salaires, les retraites et les revenus du capital \u00bb. <\/span><\/span><\/p>\n<p align=\"justify\"><span style=\"font-family: Calibri, sans-serif;\"><span style=\"font-size: small;\">Le PCF invite ainsi les salari\u00e9\u00b7es \u00e0 lui envoyer leur fiche de paie, en masquant leur nom et informations personnelles et en indiquant leur anciennet\u00e9, ou tout \u00e9l\u00e9ment qu&rsquo;ils souhaitent t\u00e9moignant de la faiblesse des salaires ou des in\u00e9galit\u00e9s salariales, \u00e0 l&rsquo;adresse suivante : salaires@pcf.fr. <\/span><\/span><\/p>\n<p align=\"justify\"><span style=\"font-family: Calibri, sans-serif;\"><span style=\"font-size: small;\">Fabien Roussel, secr\u00e9taire national du PCF et les deux pr\u00e9sidents des groupes parlementaires, Andr\u00e9 Chassaigne et C\u00e9cile Cukierman, demandent \u00e0 \u00eatre re\u00e7us \u00e0 Matignon le 3 f\u00e9vrier prochain, afin de remettre au Premier ministre l\u2019ensemble de ces fiches de paie ainsi que les dizaines de milliers de p\u00e9titions d\u00e9j\u00e0 sign\u00e9es exigeant l&rsquo;indexation des salaires sur l&rsquo;inflation.<\/span><\/span><\/p>\n","protected":false},"excerpt":{"rendered":"<p>En ce d\u00e9but d\u2019ann\u00e9e 2024, le pouvoir d\u2019achat demeure la priorit\u00e9 des Fran\u00e7ais. Ces derni\u00e8res ann\u00e9es, sous les coups de l&rsquo;inflation et en l&rsquo;absence d&rsquo;une v\u00e9ritable politique salariale, la France s\u2019est \u00ab smicardis\u00e9e \u00bb. Alors qu&rsquo;en 2021, 12% des travailleurs \u00e9taient pay\u00e9s au SMIC, ils sont aujourd&rsquo;hui 17,3%. La France compte ainsi, en ce d\u00e9but [&hellip;]<\/p>\n","protected":false},"author":4,"featured_media":0,"comment_status":"closed","ping_status":"open","sticky":false,"template":"","format":"standard","meta":{"saved_in_kubio":false,"footnotes":""},"categories":[1],"tags":[],"class_list":["post-2706","post","type-post","status-publish","format-standard","hentry","category-non-classe"],"_links":{"self":[{"href":"https:\/\/pcf08.com\/index.php\/wp-json\/wp\/v2\/posts\/2706","targetHints":{"allow":["GET"]}}],"collection":[{"href":"https:\/\/pcf08.com\/index.php\/wp-json\/wp\/v2\/posts"}],"about":[{"href":"https:\/\/pcf08.com\/index.php\/wp-json\/wp\/v2\/types\/post"}],"author":[{"embeddable":true,"href":"https:\/\/pcf08.com\/index.php\/wp-json\/wp\/v2\/users\/4"}],"replies":[{"embeddable":true,"href":"https:\/\/pcf08.com\/index.php\/wp-json\/wp\/v2\/comments?post=2706"}],"version-history":[{"count":1,"href":"https:\/\/pcf08.com\/index.php\/wp-json\/wp\/v2\/posts\/2706\/revisions"}],"predecessor-version":[{"id":2708,"href":"https:\/\/pcf08.com\/index.php\/wp-json\/wp\/v2\/posts\/2706\/revisions\/2708"}],"wp:attachment":[{"href":"https:\/\/pcf08.com\/index.php\/wp-json\/wp\/v2\/media?parent=2706"}],"wp:term":[{"taxonomy":"category","embeddable":true,"href":"https:\/\/pcf08.com\/index.php\/wp-json\/wp\/v2\/categories?post=2706"},{"taxonomy":"post_tag","embeddable":true,"href":"https:\/\/pcf08.com\/index.php\/wp-json\/wp\/v2\/tags?post=2706"}],"curies":[{"name":"wp","href":"https:\/\/api.w.org\/{rel}","templated":true}]}}