{"id":2700,"date":"2024-01-11T11:27:21","date_gmt":"2024-01-11T10:27:21","guid":{"rendered":"http:\/\/pcf08.com\/?p=2700"},"modified":"2024-01-11T11:27:21","modified_gmt":"2024-01-11T10:27:21","slug":"remaniement-gabriel-attal-nomme-premier-ministre-un-clone-demmanuel-macron-a-matignon","status":"publish","type":"post","link":"https:\/\/pcf08.com\/index.php\/2024\/01\/11\/remaniement-gabriel-attal-nomme-premier-ministre-un-clone-demmanuel-macron-a-matignon\/","title":{"rendered":"Remaniement\u00a0: Gabriel Attal nomm\u00e9 premier ministre, un \u00abclone d\u2019Emmanuel Macron\u00bb \u00e0 Matignon"},"content":{"rendered":"<p align=\"justify\"><span style=\"font-family: Calibri, sans-serif;\"><span style=\"font-size: small;\"><img loading=\"lazy\" decoding=\"async\" class=\"size-medium wp-image-2701 alignleft\" src=\"https:\/\/pcf08.com\/wp-content\/uploads\/2024\/01\/edito-6-300x169.jpg\" alt=\"\" width=\"300\" height=\"169\" srcset=\"https:\/\/pcf08.com\/wp-content\/uploads\/2024\/01\/edito-6-300x169.jpg 300w, https:\/\/pcf08.com\/wp-content\/uploads\/2024\/01\/edito-6-768x432.jpg 768w, https:\/\/pcf08.com\/wp-content\/uploads\/2024\/01\/edito-6.jpg 800w\" sizes=\"(max-width: 300px) 100vw, 300px\" \/>Le ministre sortant de l\u2019\u00c9ducation nationale devient le plus jeune chef de gouvernement de la cinqui\u00e8me R\u00e9publique. La gauche le qualifie de \u00abclone\u00bb d\u2019Emmanuel Macron, de \u00abdauphin\u00bb du pr\u00e9sident, et d\u00e9nonce un simple \u00abchangement de casting\u00bb. <\/span><\/span><\/p>\n<p align=\"justify\"><span style=\"font-family: Calibri, sans-serif;\"><span style=\"font-size: small;\">Emmanuel Macron a nomm\u00e9 Gabriel Attal premier ministre le mardi 9 janvier. Le nouveau chef du gouvernement \u00e9tait ministre de l\u2019\u00c9ducation nationale dans l\u2019ex\u00e9cutif dirig\u00e9 par \u00c9lisabeth Borne, qui a pr\u00e9sent\u00e9 (forc\u00e9?) sa d\u00e9mission le 8 janvier \u00e0 la demande du Pr\u00e9sident de la R\u00e9publique. \u00abJe sais pouvoir compter sur votre \u00e9nergie et votre engagement pour mettre en \u0153uvre le projet de r\u00e9armement et de r\u00e9g\u00e9n\u00e9ration que j\u2019ai annonc\u00e9\u00bb, a justifi\u00e9 sur X (ex-Twitter) le pr\u00e9sident de la R\u00e9publique, dans une formulation \u00e9nigmatique qu\u2019il avait d\u00e9j\u00e0 utilis\u00e9e dans ses v\u0153ux aux Fran\u00e7ais pour 2024.<\/span><\/span><\/p>\n<p align=\"justify\"><span style=\"font-family: Calibri, sans-serif;\"><span style=\"font-size: small;\">Gabriel Attal devient donc le plus jeune premier ministre de la cinqui\u00e8me R\u00e9publique. Il est aussi le plus populaire d\u2019apr\u00e8s les sondages, ce qui aura pes\u00e9 dans le choix d\u2019Emmanuel Macron. Il prend la suite d\u2019\u00c9lisabeth Borne apr\u00e8s les vingt premiers mois difficiles du quinquennat, durant lesquels l\u2019ex\u00e9cutif aura fait usage du 49-3 \u00e0 23 reprises pour imposer les textes budg\u00e9taires de l\u2019\u00c9tat et de la S\u00e9curit\u00e9 sociale et une r\u00e9forme des retraites rejet\u00e9e par 80% des Fran\u00e7ais, avant de faire voter une loi immigration inspir\u00e9e du programme du RN.<\/span><\/span><\/p>\n<p align=\"justify\"><span style=\"font-family: Calibri, sans-serif;\"><span style=\"font-size: small;\">\u00abEmmanuel Macron se succ\u00e8de \u00e0 lui-m\u00eame\u00bb<\/span><\/span><\/p>\n<p align=\"justify\"><span style=\"color: #000000;\"><span style=\"font-family: Calibri, sans-serif;\"><span style=\"font-size: small;\">Pour autant, il n\u2019y a pas de changement \u00e0 attendre avec l\u2019arriv\u00e9e de Gabriel Attal \u00e0 Matignon. Les r\u00e9actions politiques ne laissent d\u2019ailleurs gu\u00e8re de doutes. \u00abEmmanuel Macron se succ\u00e8de \u00e0 lui-m\u00eame\u00bb est un avis largement partag\u00e9 \u00e0 gauche. Le s\u00e9nateur et porte-parole du PCF, Ian Brossat, a lui qualifi\u00e9 le nouveau premier ministre de \u00abclone\u00bb d\u2019Emmanuel Macron. \u00abRien \u00e0 attendre de cette nomination\u00bb pr\u00e9vient-il \u00e9galement.<\/span><\/span><\/span><\/p>\n","protected":false},"excerpt":{"rendered":"<p>Le ministre sortant de l\u2019\u00c9ducation nationale devient le plus jeune chef de gouvernement de la cinqui\u00e8me R\u00e9publique. La gauche le qualifie de \u00abclone\u00bb d\u2019Emmanuel Macron, de \u00abdauphin\u00bb du pr\u00e9sident, et d\u00e9nonce un simple \u00abchangement de casting\u00bb. Emmanuel Macron a nomm\u00e9 Gabriel Attal premier ministre le mardi 9 janvier. Le nouveau chef du gouvernement \u00e9tait ministre [&hellip;]<\/p>\n","protected":false},"author":4,"featured_media":0,"comment_status":"closed","ping_status":"open","sticky":false,"template":"","format":"standard","meta":{"saved_in_kubio":false,"footnotes":""},"categories":[1],"tags":[],"class_list":["post-2700","post","type-post","status-publish","format-standard","hentry","category-non-classe"],"_links":{"self":[{"href":"https:\/\/pcf08.com\/index.php\/wp-json\/wp\/v2\/posts\/2700","targetHints":{"allow":["GET"]}}],"collection":[{"href":"https:\/\/pcf08.com\/index.php\/wp-json\/wp\/v2\/posts"}],"about":[{"href":"https:\/\/pcf08.com\/index.php\/wp-json\/wp\/v2\/types\/post"}],"author":[{"embeddable":true,"href":"https:\/\/pcf08.com\/index.php\/wp-json\/wp\/v2\/users\/4"}],"replies":[{"embeddable":true,"href":"https:\/\/pcf08.com\/index.php\/wp-json\/wp\/v2\/comments?post=2700"}],"version-history":[{"count":1,"href":"https:\/\/pcf08.com\/index.php\/wp-json\/wp\/v2\/posts\/2700\/revisions"}],"predecessor-version":[{"id":2702,"href":"https:\/\/pcf08.com\/index.php\/wp-json\/wp\/v2\/posts\/2700\/revisions\/2702"}],"wp:attachment":[{"href":"https:\/\/pcf08.com\/index.php\/wp-json\/wp\/v2\/media?parent=2700"}],"wp:term":[{"taxonomy":"category","embeddable":true,"href":"https:\/\/pcf08.com\/index.php\/wp-json\/wp\/v2\/categories?post=2700"},{"taxonomy":"post_tag","embeddable":true,"href":"https:\/\/pcf08.com\/index.php\/wp-json\/wp\/v2\/tags?post=2700"}],"curies":[{"name":"wp","href":"https:\/\/api.w.org\/{rel}","templated":true}]}}