{"id":2687,"date":"2023-12-14T11:23:47","date_gmt":"2023-12-14T10:23:47","guid":{"rendered":"http:\/\/pcf08.com\/?p=2687"},"modified":"2023-12-14T11:23:47","modified_gmt":"2023-12-14T10:23:47","slug":"pour-la-meuse-il-faut-depasser-les-discours","status":"publish","type":"post","link":"https:\/\/pcf08.com\/index.php\/2023\/12\/14\/pour-la-meuse-il-faut-depasser-les-discours\/","title":{"rendered":"Pour la Meuse il faut d\u00e9passer les discours"},"content":{"rendered":"<p align=\"justify\"><span id=\"Cadre4\" dir=\"ltr\"><img loading=\"lazy\" decoding=\"async\" class=\"size-medium wp-image-2688 alignleft\" src=\"https:\/\/pcf08.com\/wp-content\/uploads\/2023\/12\/meuse-1-300x225.jpg\" alt=\"\" width=\"300\" height=\"225\" srcset=\"https:\/\/pcf08.com\/wp-content\/uploads\/2023\/12\/meuse-1-300x225.jpg 300w, https:\/\/pcf08.com\/wp-content\/uploads\/2023\/12\/meuse-1.jpg 474w\" sizes=\"(max-width: 300px) 100vw, 300px\" \/><\/span><span style=\"font-family: Calibri, sans-serif;\"><span style=\"font-size: medium;\">Malgr\u00e9 plusieurs relances pour l\u2019entretien des berges de la Meuse qui traverse notre territoire, aucune action n\u2019a \u00e9t\u00e9 engag\u00e9e ces derni\u00e8res ann\u00e9es. Apr\u00e8s les intemp\u00e9ries que nous venons de conna\u00eetre et la mont\u00e9e du fleuve, de nombreux arbres sont tomb\u00e9s ou peuvent tomber dans le cours d\u2019eau. Cette situation risque de d\u00e9t\u00e9riorer les barrages et ouvrages d\u2019art. C\u2019est particuli\u00e8rement le cas \u00e0 Charleville-M\u00e9zi\u00e8res au niveau du port situ\u00e9 au Mont Olympe et de l\u2019\u00eele de Montcy. Avant sa dissolution le Syndicat intercommunal (SIVU), regroupant Charleville et Warcq, faisait enlever r\u00e9guli\u00e8rement les emb\u00e2cles flottants sur la Meuse pour prot\u00e9ger les installations. <\/span><\/span><\/p>\n<p align=\"justify\"><span style=\"font-family: Calibri, sans-serif;\"><span style=\"font-size: medium;\">Voies Navigables de France (VNF) n\u2019\u00e9tant plus en mesure, par manque d\u2019effectifs, d\u2019assurer cette t\u00e2che d\u2019entretien et de s\u00e9curisation des berges il me semble indispensable que les collectivit\u00e9s fassent faire le travail et <u><b>facturent \u00e0 l\u2019\u00c9tat les frais occasionn\u00e9s<\/b><\/u>. <\/span><\/span><\/p>\n<p align=\"justify\"><span style=\"font-size: medium;\"><span style=\"font-family: Calibri, sans-serif;\">En septembre 2019 le maire de Charleville-M\u00e9zi\u00e8res avait accueilli des \u00e9lus Belges et N\u00e9erlandais avec pour objectif de \u00ab\u00a0pr\u00e9server la Meuse\u00a0\u00bb. A l\u2019entr\u00e9e de l\u2019hiver il est urgent de d\u00e9passer le stade du discours et d\u2019intervenir. <\/span> <\/span><\/p>\n<p align=\"right\"><span style=\"color: #000000;\"><span style=\"font-family: Calibri, sans-serif;\"><span style=\"font-size: medium;\">Sylvain DALLA ROSA<\/span><\/span><\/span><\/p>\n","protected":false},"excerpt":{"rendered":"<p>Malgr\u00e9 plusieurs relances pour l\u2019entretien des berges de la Meuse qui traverse notre territoire, aucune action n\u2019a \u00e9t\u00e9 engag\u00e9e ces derni\u00e8res ann\u00e9es. Apr\u00e8s les intemp\u00e9ries que nous venons de conna\u00eetre et la mont\u00e9e du fleuve, de nombreux arbres sont tomb\u00e9s ou peuvent tomber dans le cours d\u2019eau. Cette situation risque de d\u00e9t\u00e9riorer les barrages et [&hellip;]<\/p>\n","protected":false},"author":4,"featured_media":0,"comment_status":"closed","ping_status":"open","sticky":false,"template":"","format":"standard","meta":{"saved_in_kubio":false,"footnotes":""},"categories":[1],"tags":[],"class_list":["post-2687","post","type-post","status-publish","format-standard","hentry","category-non-classe"],"_links":{"self":[{"href":"https:\/\/pcf08.com\/index.php\/wp-json\/wp\/v2\/posts\/2687","targetHints":{"allow":["GET"]}}],"collection":[{"href":"https:\/\/pcf08.com\/index.php\/wp-json\/wp\/v2\/posts"}],"about":[{"href":"https:\/\/pcf08.com\/index.php\/wp-json\/wp\/v2\/types\/post"}],"author":[{"embeddable":true,"href":"https:\/\/pcf08.com\/index.php\/wp-json\/wp\/v2\/users\/4"}],"replies":[{"embeddable":true,"href":"https:\/\/pcf08.com\/index.php\/wp-json\/wp\/v2\/comments?post=2687"}],"version-history":[{"count":1,"href":"https:\/\/pcf08.com\/index.php\/wp-json\/wp\/v2\/posts\/2687\/revisions"}],"predecessor-version":[{"id":2689,"href":"https:\/\/pcf08.com\/index.php\/wp-json\/wp\/v2\/posts\/2687\/revisions\/2689"}],"wp:attachment":[{"href":"https:\/\/pcf08.com\/index.php\/wp-json\/wp\/v2\/media?parent=2687"}],"wp:term":[{"taxonomy":"category","embeddable":true,"href":"https:\/\/pcf08.com\/index.php\/wp-json\/wp\/v2\/categories?post=2687"},{"taxonomy":"post_tag","embeddable":true,"href":"https:\/\/pcf08.com\/index.php\/wp-json\/wp\/v2\/tags?post=2687"}],"curies":[{"name":"wp","href":"https:\/\/api.w.org\/{rel}","templated":true}]}}