{"id":2672,"date":"2023-12-07T14:49:53","date_gmt":"2023-12-07T13:49:53","guid":{"rendered":"http:\/\/pcf08.com\/?p=2672"},"modified":"2023-12-07T14:49:53","modified_gmt":"2023-12-07T13:49:53","slug":"les-etrennes-de-nouvelles-des-ardennes","status":"publish","type":"post","link":"https:\/\/pcf08.com\/index.php\/2023\/12\/07\/les-etrennes-de-nouvelles-des-ardennes\/","title":{"rendered":"Les Etrennes de Nouvelles des Ardennes"},"content":{"rendered":"<p><img loading=\"lazy\" decoding=\"async\" class=\"size-medium wp-image-2673\" src=\"https:\/\/pcf08.com\/wp-content\/uploads\/2023\/12\/Etrennes-300x168.jpg\" alt=\"\" width=\"300\" height=\"168\" srcset=\"https:\/\/pcf08.com\/wp-content\/uploads\/2023\/12\/Etrennes-300x168.jpg 300w, https:\/\/pcf08.com\/wp-content\/uploads\/2023\/12\/Etrennes-768x430.jpg 768w, https:\/\/pcf08.com\/wp-content\/uploads\/2023\/12\/Etrennes.jpg 932w\" sizes=\"(max-width: 300px) 100vw, 300px\" \/><\/p>\n<p align=\"justify\"><span style=\"color: #280036;\"><span style=\"font-family: Calibri, sans-serif;\"><span style=\"font-size: medium;\">Nouvelles des Ardennes avait publi\u00e9 son 2000\u00e8me num\u00e9ro il y a \u00e0 peine plus d\u2019un an\u00a0! Une longue vie pour une information libre des Ardennaises et des Ardennais, au service des travailleurs, des jeunes, des retrait\u00e9s.<\/span><\/span><\/span><\/p>\n<p align=\"justify\"><span style=\"color: #280036;\"><span style=\"font-family: Calibri, sans-serif;\"><span style=\"font-size: medium;\">Cela n\u2019est \u00e9videmment pas sans incidence financi\u00e8re, d\u2019autant plus que les co\u00fbts de diffusion postale augmentent constamment.<\/span><\/span><\/span><\/p>\n<p align=\"justify\"><span style=\"color: #280036;\"><span style=\"font-family: Calibri, sans-serif;\"><span style=\"font-size: medium;\">N\u2019oubliez pas Nouvelles des Ardennes dans vos \u00e9trennes\u00a0: <\/span><\/span><\/span><\/p>\n<p align=\"justify\"><span style=\"color: #280036;\"><span style=\"font-family: Calibri, sans-serif;\"><span style=\"font-size: medium;\">ch\u00e8que \u00e0 l\u2019ordre de ADF PCF08 <\/span><\/span><\/span><\/p>\n<p align=\"justify\"><span style=\"color: #280036;\"><span style=\"font-family: Calibri, sans-serif;\"><span style=\"font-size: small;\">18 rue de l\u2019Arquebuse &#8211; 08000 Charleville-M\u00e9zi\u00e8res<\/span><\/span><\/span><\/p>\n","protected":false},"excerpt":{"rendered":"<p>Nouvelles des Ardennes avait publi\u00e9 son 2000\u00e8me num\u00e9ro il y a \u00e0 peine plus d\u2019un an\u00a0! Une longue vie pour une information libre des Ardennaises et des Ardennais, au service des travailleurs, des jeunes, des retrait\u00e9s. Cela n\u2019est \u00e9videmment pas sans incidence financi\u00e8re, d\u2019autant plus que les co\u00fbts de diffusion postale augmentent constamment. N\u2019oubliez pas [&hellip;]<\/p>\n","protected":false},"author":4,"featured_media":0,"comment_status":"closed","ping_status":"open","sticky":false,"template":"","format":"standard","meta":{"saved_in_kubio":false,"footnotes":""},"categories":[1],"tags":[],"class_list":["post-2672","post","type-post","status-publish","format-standard","hentry","category-non-classe"],"_links":{"self":[{"href":"https:\/\/pcf08.com\/index.php\/wp-json\/wp\/v2\/posts\/2672","targetHints":{"allow":["GET"]}}],"collection":[{"href":"https:\/\/pcf08.com\/index.php\/wp-json\/wp\/v2\/posts"}],"about":[{"href":"https:\/\/pcf08.com\/index.php\/wp-json\/wp\/v2\/types\/post"}],"author":[{"embeddable":true,"href":"https:\/\/pcf08.com\/index.php\/wp-json\/wp\/v2\/users\/4"}],"replies":[{"embeddable":true,"href":"https:\/\/pcf08.com\/index.php\/wp-json\/wp\/v2\/comments?post=2672"}],"version-history":[{"count":1,"href":"https:\/\/pcf08.com\/index.php\/wp-json\/wp\/v2\/posts\/2672\/revisions"}],"predecessor-version":[{"id":2674,"href":"https:\/\/pcf08.com\/index.php\/wp-json\/wp\/v2\/posts\/2672\/revisions\/2674"}],"wp:attachment":[{"href":"https:\/\/pcf08.com\/index.php\/wp-json\/wp\/v2\/media?parent=2672"}],"wp:term":[{"taxonomy":"category","embeddable":true,"href":"https:\/\/pcf08.com\/index.php\/wp-json\/wp\/v2\/categories?post=2672"},{"taxonomy":"post_tag","embeddable":true,"href":"https:\/\/pcf08.com\/index.php\/wp-json\/wp\/v2\/tags?post=2672"}],"curies":[{"name":"wp","href":"https:\/\/api.w.org\/{rel}","templated":true}]}}