{"id":2658,"date":"2023-11-30T11:25:18","date_gmt":"2023-11-30T10:25:18","guid":{"rendered":"http:\/\/pcf08.com\/?p=2658"},"modified":"2023-11-30T11:25:18","modified_gmt":"2023-11-30T10:25:18","slug":"un-elu-au-four-et-au-moulin","status":"publish","type":"post","link":"https:\/\/pcf08.com\/index.php\/2023\/11\/30\/un-elu-au-four-et-au-moulin\/","title":{"rendered":"Un \u00e9lu au \u00ab\u00a0four et au moulin\u00a0\u00bb"},"content":{"rendered":"<p align=\"justify\"><span style=\"font-family: Calibri, sans-serif;\"><img loading=\"lazy\" decoding=\"async\" class=\"size-medium wp-image-2659 alignright\" src=\"https:\/\/pcf08.com\/wp-content\/uploads\/2023\/11\/cumul-1-300x169.jpg\" alt=\"\" width=\"300\" height=\"169\" srcset=\"https:\/\/pcf08.com\/wp-content\/uploads\/2023\/11\/cumul-1-300x169.jpg 300w, https:\/\/pcf08.com\/wp-content\/uploads\/2023\/11\/cumul-1-1024x576.jpg 1024w, https:\/\/pcf08.com\/wp-content\/uploads\/2023\/11\/cumul-1-768x432.jpg 768w, https:\/\/pcf08.com\/wp-content\/uploads\/2023\/11\/cumul-1.jpg 1280w\" sizes=\"(max-width: 300px) 100vw, 300px\" \/>Nous avons d\u00e9j\u00e0 relev\u00e9 le dysfonctionnement qui est in\u00e9vitable quand un \u00e9lu pr\u00e9side plusieurs collectivit\u00e9s. C\u2019est la cas dans les Ardennes avec quelques exemples. Il s\u2019agit particuli\u00e8rement d\u2019Ardenne M\u00e9tropole o\u00f9 le maire de Charleville-M\u00e9zi\u00e8res est \u00e9galement pr\u00e9sident de l\u2019agglom\u00e9ration. Mais rien n\u2019arr\u00eate notre cumulard. Il vient d\u2019annoncer qu\u2019il animerait, avec C. Vautrin \u00e9lue dans la Marne, une mission d\u2019\u00e9tude sur l\u2019empilement des services de l\u2019\u00c9tat et cela \u00e0 la demande du pr\u00e9sident de la R\u00e9publique.<\/span><\/p>\n<p align=\"justify\"><span style=\"font-family: Calibri, sans-serif;\"> Sans aucun doute pour Boris Ravignon c\u2019est son ralliement \u00e0 Macron \u00e0 la derni\u00e8re pr\u00e9sidentielle qui fait que le gouvernement lui octroie une responsabilit\u00e9 nationale. Apr\u00e8s son \u00e9chec pour devenir responsable de l\u2019ADEME le maire de Charleville-M\u00e9zi\u00e8res trouve un nouveau point de chute. Il serait souhaitable que pendant la dur\u00e9e de sa mission il n\u2019exerce plus la pr\u00e9sidence de l\u2019agglom\u00e9ration. Les EPCI ( \u00e9tablissement de coop\u00e9ration intercommunale) n\u2019\u00e9tant pas concern\u00e9 par la loi sur le cumul des mandats \u00e9lectoraux cela ne peut \u00eatre qu\u2019une d\u00e9marche volontaire. <\/span><\/p>\n<p align=\"justify\"><span style=\"font-family: Calibri, sans-serif;\"> Avec sa r\u00e9cente invitation \u00e0 l\u2019\u00c9lys\u00e9e, le maire du chef lieu ardennais a voulu montrer qu\u2019il \u00e9tait toujours dans la course. Devant un millier de maires de toute la France (5 Ardennais) E. Macron a d\u00e9ploy\u00e9 son message d\u2019aust\u00e9rit\u00e9 et cela sans contestation. Seuls quelques \u00e9lus ont r\u00e9agi, l\u2019un deux a m\u00eame ass\u00e9n\u00e9 \u00e0 propos de la loi des finances pour 2024 : \u00ab\u00a0C\u2019est la plus mauvaise depuis 40 ans\u00a0\u00bb. A cette occasion les probl\u00e8mes auxquels sont confront\u00e9s les \u00e9lus locaux n\u2019ont fait l\u2018objet d\u2019aucune proposition de fond. <\/span><\/p>\n<p align=\"justify\"><span style=\"font-family: Calibri, sans-serif;\">A quand une mission sur le pouvoir d\u2019achat des Fran\u00e7ais qui vivent de plus en plus mal.<\/span><\/p>\n<p style=\"text-align: right;\" align=\"justify\"><span style=\"font-family: Calibri, sans-serif;\">Sylvain DALLA ROSA<\/span><\/p>\n","protected":false},"excerpt":{"rendered":"<p>Nous avons d\u00e9j\u00e0 relev\u00e9 le dysfonctionnement qui est in\u00e9vitable quand un \u00e9lu pr\u00e9side plusieurs collectivit\u00e9s. C\u2019est la cas dans les Ardennes avec quelques exemples. Il s\u2019agit particuli\u00e8rement d\u2019Ardenne M\u00e9tropole o\u00f9 le maire de Charleville-M\u00e9zi\u00e8res est \u00e9galement pr\u00e9sident de l\u2019agglom\u00e9ration. Mais rien n\u2019arr\u00eate notre cumulard. Il vient d\u2019annoncer qu\u2019il animerait, avec C. Vautrin \u00e9lue dans la [&hellip;]<\/p>\n","protected":false},"author":4,"featured_media":0,"comment_status":"closed","ping_status":"open","sticky":false,"template":"","format":"standard","meta":{"saved_in_kubio":false,"footnotes":""},"categories":[1],"tags":[],"class_list":["post-2658","post","type-post","status-publish","format-standard","hentry","category-non-classe"],"_links":{"self":[{"href":"https:\/\/pcf08.com\/index.php\/wp-json\/wp\/v2\/posts\/2658","targetHints":{"allow":["GET"]}}],"collection":[{"href":"https:\/\/pcf08.com\/index.php\/wp-json\/wp\/v2\/posts"}],"about":[{"href":"https:\/\/pcf08.com\/index.php\/wp-json\/wp\/v2\/types\/post"}],"author":[{"embeddable":true,"href":"https:\/\/pcf08.com\/index.php\/wp-json\/wp\/v2\/users\/4"}],"replies":[{"embeddable":true,"href":"https:\/\/pcf08.com\/index.php\/wp-json\/wp\/v2\/comments?post=2658"}],"version-history":[{"count":1,"href":"https:\/\/pcf08.com\/index.php\/wp-json\/wp\/v2\/posts\/2658\/revisions"}],"predecessor-version":[{"id":2660,"href":"https:\/\/pcf08.com\/index.php\/wp-json\/wp\/v2\/posts\/2658\/revisions\/2660"}],"wp:attachment":[{"href":"https:\/\/pcf08.com\/index.php\/wp-json\/wp\/v2\/media?parent=2658"}],"wp:term":[{"taxonomy":"category","embeddable":true,"href":"https:\/\/pcf08.com\/index.php\/wp-json\/wp\/v2\/categories?post=2658"},{"taxonomy":"post_tag","embeddable":true,"href":"https:\/\/pcf08.com\/index.php\/wp-json\/wp\/v2\/tags?post=2658"}],"curies":[{"name":"wp","href":"https:\/\/api.w.org\/{rel}","templated":true}]}}