{"id":2655,"date":"2023-11-30T11:22:41","date_gmt":"2023-11-30T10:22:41","guid":{"rendered":"http:\/\/pcf08.com\/?p=2655"},"modified":"2023-11-30T11:22:41","modified_gmt":"2023-11-30T10:22:41","slug":"pour-la-paix-en-palestine-rassemblement-samedi-2-decembre","status":"publish","type":"post","link":"https:\/\/pcf08.com\/index.php\/2023\/11\/30\/pour-la-paix-en-palestine-rassemblement-samedi-2-decembre\/","title":{"rendered":"Pour la paix en Palestine,  rassemblement samedi 2 d\u00e9cembre"},"content":{"rendered":"<p align=\"justify\"><span style=\"font-family: Calibri, sans-serif;\"><img loading=\"lazy\" decoding=\"async\" class=\"size-medium wp-image-2656 alignleft\" src=\"https:\/\/pcf08.com\/wp-content\/uploads\/2023\/11\/palestine-300x251.jpg\" alt=\"\" width=\"300\" height=\"251\" srcset=\"https:\/\/pcf08.com\/wp-content\/uploads\/2023\/11\/palestine-300x251.jpg 300w, https:\/\/pcf08.com\/wp-content\/uploads\/2023\/11\/palestine-768x644.jpg 768w, https:\/\/pcf08.com\/wp-content\/uploads\/2023\/11\/palestine.jpg 940w\" sizes=\"(max-width: 300px) 100vw, 300px\" \/>La tr\u00eave \u00e0 Gaza permet la lib\u00e9ration de certains otages. Le PCF partage le soulagement des familles concern\u00e9es mais aussi l&rsquo;angoisse de celles qui attendent toujours des nouvelles de leurs proches toujours d\u00e9tenus. Il est \u00e9galement solidaire des familles des d\u00e9tenus politiques palestiniens lib\u00e9r\u00e9s ou en attente de lib\u00e9ration. C\u2019est un premier pas, qui reste pr\u00e9caire.<\/span><\/p>\n<p align=\"justify\"><span style=\"font-family: Calibri, sans-serif;\">Il faut que cesse l\u2019effusion de sang qui menace les peuples isra\u00e9lien et palestinien du pire. Les atrocit\u00e9s terroristes commises par le Hamas le 7 octobre ne peuvent justifier la logique de vengeance d\u00e9clench\u00e9e par le gouvernement d\u2019extr\u00eame droite isra\u00e9lien contre la population palestinienne de Gaza. Le gouvernement isra\u00e9lien doit mettre fin \u00e0 l\u2019op\u00e9ration meurtri\u00e8re contre la population palestinienne de Gaza.<\/span><\/p>\n<p align=\"justify\"><span style=\"font-family: Calibri, sans-serif;\">La tr\u00eave est un espoir. Sa rupture annoncerait la reprise du massacre de masse. Elle doit au contraire ouvrir la voie \u00e0 une paix juste et durable.<\/span><\/p>\n<p align=\"justify\"><span style=\"font-family: Calibri, sans-serif;\">La France se doit d\u2019agir aupr\u00e8s de la communaut\u00e9 internationale afin d\u2019imposer au gouvernement isra\u00e9lien l\u2019arr\u00eat d\u00e9finitif des bombardements et des op\u00e9rations terrestres dont les populations civiles sont les principales victimes.<\/span><\/p>\n<p align=\"justify\"><span style=\"font-family: Calibri, sans-serif;\">Le PCF appelle \u00e0 la plus large mobilisation contre les logiques de haine et de guerre qui ont trop ensanglant\u00e9 le Proche-Orient, pour faire pr\u00e9valoir l\u2019exigence d&rsquo;une paix dans la justice et la d\u00e9mocratie entre les peuples palestinien et isra\u00e9lien et \u00e0 participer aux rassemblements qui se tiennent dans toute la France sur la base de cet appel avec l\u2019ensemble des forces progressistes qui se battent pour la paix et la justice, dans les Ardennes le samedi 2 d\u00e9cembre \u00e0 11 h place de l\u2019h\u00f4tel de ville.<\/span><\/p>\n","protected":false},"excerpt":{"rendered":"<p>La tr\u00eave \u00e0 Gaza permet la lib\u00e9ration de certains otages. Le PCF partage le soulagement des familles concern\u00e9es mais aussi l&rsquo;angoisse de celles qui attendent toujours des nouvelles de leurs proches toujours d\u00e9tenus. Il est \u00e9galement solidaire des familles des d\u00e9tenus politiques palestiniens lib\u00e9r\u00e9s ou en attente de lib\u00e9ration. C\u2019est un premier pas, qui reste [&hellip;]<\/p>\n","protected":false},"author":4,"featured_media":0,"comment_status":"closed","ping_status":"open","sticky":false,"template":"","format":"standard","meta":{"saved_in_kubio":false,"footnotes":""},"categories":[1],"tags":[],"class_list":["post-2655","post","type-post","status-publish","format-standard","hentry","category-non-classe"],"_links":{"self":[{"href":"https:\/\/pcf08.com\/index.php\/wp-json\/wp\/v2\/posts\/2655","targetHints":{"allow":["GET"]}}],"collection":[{"href":"https:\/\/pcf08.com\/index.php\/wp-json\/wp\/v2\/posts"}],"about":[{"href":"https:\/\/pcf08.com\/index.php\/wp-json\/wp\/v2\/types\/post"}],"author":[{"embeddable":true,"href":"https:\/\/pcf08.com\/index.php\/wp-json\/wp\/v2\/users\/4"}],"replies":[{"embeddable":true,"href":"https:\/\/pcf08.com\/index.php\/wp-json\/wp\/v2\/comments?post=2655"}],"version-history":[{"count":1,"href":"https:\/\/pcf08.com\/index.php\/wp-json\/wp\/v2\/posts\/2655\/revisions"}],"predecessor-version":[{"id":2657,"href":"https:\/\/pcf08.com\/index.php\/wp-json\/wp\/v2\/posts\/2655\/revisions\/2657"}],"wp:attachment":[{"href":"https:\/\/pcf08.com\/index.php\/wp-json\/wp\/v2\/media?parent=2655"}],"wp:term":[{"taxonomy":"category","embeddable":true,"href":"https:\/\/pcf08.com\/index.php\/wp-json\/wp\/v2\/categories?post=2655"},{"taxonomy":"post_tag","embeddable":true,"href":"https:\/\/pcf08.com\/index.php\/wp-json\/wp\/v2\/tags?post=2655"}],"curies":[{"name":"wp","href":"https:\/\/api.w.org\/{rel}","templated":true}]}}