{"id":2652,"date":"2023-11-30T11:20:46","date_gmt":"2023-11-30T10:20:46","guid":{"rendered":"http:\/\/pcf08.com\/?p=2652"},"modified":"2023-11-30T11:20:46","modified_gmt":"2023-11-30T10:20:46","slug":"noublions-pas-la-misere","status":"publish","type":"post","link":"https:\/\/pcf08.com\/index.php\/2023\/11\/30\/noublions-pas-la-misere\/","title":{"rendered":"N\u2019oublions pas la mis\u00e8re"},"content":{"rendered":"<p align=\"justify\"><span style=\"font-family: Calibri, sans-serif;\"><img loading=\"lazy\" decoding=\"async\" class=\"size-medium wp-image-2653 alignleft\" src=\"https:\/\/pcf08.com\/wp-content\/uploads\/2023\/11\/edito-5-300x120.jpg\" alt=\"\" width=\"300\" height=\"120\" srcset=\"https:\/\/pcf08.com\/wp-content\/uploads\/2023\/11\/edito-5-300x120.jpg 300w, https:\/\/pcf08.com\/wp-content\/uploads\/2023\/11\/edito-5.jpg 517w\" sizes=\"(max-width: 300px) 100vw, 300px\" \/>Bien s\u00fbr il y a la guerre personne ne l\u2019oublie, c\u2019est pour cette raison que nous avons d\u00e9cid\u00e9 de donner rendez-vous aux Ardennaises et Ardennais <u><b>samedi 2 d\u00e9cembre 2023 \u00e0 11h place de l\u2019H\u00f4tel de Ville \u00e0 Charleville-M\u00e9zi\u00e8res <\/b><\/u>pour r\u00e9clamer\u00a0:<\/span><\/p>\n<p align=\"justify\"><span style=\"font-family: Calibri, sans-serif;\">Un cessez-le feu imm\u00e9diat, la reconnaissance de l\u2019\u00e9tat Palestine aux c\u00f4t\u00e9s de l\u2019\u00e9tat Isra\u00ebl ainsi que l\u2019instauration d\u2019un syst\u00e8me de paix durable au Proche-Orient.<\/span><\/p>\n<p align=\"justify\"><span style=\"font-family: Calibri, sans-serif;\">La temp\u00e9rature de ces derniers jours accompagn\u00e9e par les premiers frimas et flocons de neige nous rappellent que nous arrivons en hiver et comme tous les ans le discours m\u00e9diatique comme celui du gouvernement et de ses portes parole emploient un ton alarmiste m\u00eal\u00e9 de compassion pour faire le constat une fois de plus que la pauvret\u00e9 gagne de fa\u00e7on alarmante du terrain dans notre soci\u00e9t\u00e9.<\/span><\/p>\n<p align=\"justify\"><span style=\"font-family: Calibri, sans-serif;\">Les associations caritatives, front populaire en t\u00eate, tirent la sonnette d\u2019alarme face \u00e0 l\u2019affluence extr\u00eamement croissante de personnes totalement d\u00e9munies venant demander secours pour pouvoir manger \u00e0 leur faim.<\/span><\/p>\n<p align=\"justify\"><span style=\"font-family: Calibri, sans-serif;\">L\u2019inflation, l\u2019explosion du co\u00fbt de la vie, les bas salaires, les retraites et pensions de mis\u00e8re n\u2019ont pas disparus pour les Fran\u00e7ais avec la guerre en Ukraine et au Proche-Orient.<\/span><\/p>\n<p align=\"justify\"><span style=\"font-family: Calibri, sans-serif;\">Nous vivons un appauvrissement massif de la soci\u00e9t\u00e9 fran\u00e7aise alors que les profits du capital continuent \u00e0 s\u2019accro\u00eetre de mani\u00e8re exponentielle stimul\u00e9s par une inflation exorbitante.<\/span><\/p>\n<p align=\"justify\"><span style=\"font-family: Calibri, sans-serif;\">Les cons\u00e9quences de cette inflation sont gravissimes\u00a0; aucun secteur des budgets des\u00a0m\u00e9nages n\u2019est \u00e9pargn\u00e9.<\/span><\/p>\n<p align=\"justify\"><span style=\"font-family: Calibri, sans-serif;\">Les deniers chiffres et constats de l\u2019INSEE sont particuli\u00e8rement \u00e9loquents et alarmants.<\/span><\/p>\n<p align=\"justify\"><span id=\"Cadre5\" dir=\"ltr\"><\/span><span style=\"font-family: Calibri, sans-serif;\">52\u00a0000 personnes, dont des salari\u00e9s, ont bascul\u00e9 dans la pauvret\u00e9 depuis cet automne, 2800 enfants vivent dans la rue, ils ont entr\u00e9s dans la cat\u00e9gorie SDF\u00a0!<\/span><\/p>\n<p align=\"justify\"><span style=\"font-family: Calibri, sans-serif;\">\u00c0 contrario la conf\u00e9rence sociale, organis\u00e9e par le gouvernement, n\u2019a pas produit grand-chose avec le refus d\u2019indexation des salaires sur l\u2019inflation, d\u2019agir efficacement sur l\u2019augmentation des prix. Une fois de plus cette initiative n\u2019aura \u00e9t\u00e9 en d\u00e9finitive que de la poudre aux yeux.<\/span><\/p>\n<p align=\"justify\"><span style=\"font-family: Calibri, sans-serif;\">Pour l\u2019ann\u00e9e 2024 le choix du gouvernement est clair, aust\u00e9rit\u00e9 plut\u00f4t que \u00e9quit\u00e9. Les grandes entreprises et les plus riches seront encore \u00e9pargn\u00e9s au prix du sacrifice des services publics et des m\u00e9nages.<\/span><\/p>\n<p align=\"justify\"><span style=\"font-family: Calibri, sans-serif;\">Face \u00e0 une telle situation, seules solutions, port\u00e9es par le parti communiste, capables de changer et d\u2019am\u00e9liorer la vie de millions de citoyennes et citoyens, d\u00e9velopper l\u2019emploi de qualit\u00e9 r\u00e9mun\u00e9r\u00e9 \u00e0 sa juste valeur, hausse des salaires, pensions et retraites.<\/span><\/p>\n<p align=\"justify\"><span style=\"font-family: Calibri, sans-serif;\">Il faut nous pr\u00e9parer d\u00e8s \u00e0 pr\u00e9sent \u00e0 renforcer la bataille sociale en lien avec celles contre les id\u00e9es d\u2019extr\u00eame droite, l\u2019antis\u00e9mitisme et le racisme.<\/span><\/p>\n<p align=\"right\"><span style=\"color: #000000;\"><span style=\"font-family: Calibri, sans-serif;\"><span style=\"font-size: medium;\">Patrick LATTUADA<\/span><\/span><\/span><\/p>\n","protected":false},"excerpt":{"rendered":"<p>Bien s\u00fbr il y a la guerre personne ne l\u2019oublie, c\u2019est pour cette raison que nous avons d\u00e9cid\u00e9 de donner rendez-vous aux Ardennaises et Ardennais samedi 2 d\u00e9cembre 2023 \u00e0 11h place de l\u2019H\u00f4tel de Ville \u00e0 Charleville-M\u00e9zi\u00e8res pour r\u00e9clamer\u00a0: Un cessez-le feu imm\u00e9diat, la reconnaissance de l\u2019\u00e9tat Palestine aux c\u00f4t\u00e9s de l\u2019\u00e9tat Isra\u00ebl ainsi [&hellip;]<\/p>\n","protected":false},"author":4,"featured_media":0,"comment_status":"closed","ping_status":"open","sticky":false,"template":"","format":"standard","meta":{"saved_in_kubio":false,"footnotes":""},"categories":[1],"tags":[],"class_list":["post-2652","post","type-post","status-publish","format-standard","hentry","category-non-classe"],"_links":{"self":[{"href":"https:\/\/pcf08.com\/index.php\/wp-json\/wp\/v2\/posts\/2652","targetHints":{"allow":["GET"]}}],"collection":[{"href":"https:\/\/pcf08.com\/index.php\/wp-json\/wp\/v2\/posts"}],"about":[{"href":"https:\/\/pcf08.com\/index.php\/wp-json\/wp\/v2\/types\/post"}],"author":[{"embeddable":true,"href":"https:\/\/pcf08.com\/index.php\/wp-json\/wp\/v2\/users\/4"}],"replies":[{"embeddable":true,"href":"https:\/\/pcf08.com\/index.php\/wp-json\/wp\/v2\/comments?post=2652"}],"version-history":[{"count":1,"href":"https:\/\/pcf08.com\/index.php\/wp-json\/wp\/v2\/posts\/2652\/revisions"}],"predecessor-version":[{"id":2654,"href":"https:\/\/pcf08.com\/index.php\/wp-json\/wp\/v2\/posts\/2652\/revisions\/2654"}],"wp:attachment":[{"href":"https:\/\/pcf08.com\/index.php\/wp-json\/wp\/v2\/media?parent=2652"}],"wp:term":[{"taxonomy":"category","embeddable":true,"href":"https:\/\/pcf08.com\/index.php\/wp-json\/wp\/v2\/categories?post=2652"},{"taxonomy":"post_tag","embeddable":true,"href":"https:\/\/pcf08.com\/index.php\/wp-json\/wp\/v2\/tags?post=2652"}],"curies":[{"name":"wp","href":"https:\/\/api.w.org\/{rel}","templated":true}]}}