{"id":2642,"date":"2023-11-23T11:45:50","date_gmt":"2023-11-23T10:45:50","guid":{"rendered":"http:\/\/pcf08.com\/?p=2642"},"modified":"2023-11-23T11:45:50","modified_gmt":"2023-11-23T10:45:50","slug":"empreinte-2050","status":"publish","type":"post","link":"https:\/\/pcf08.com\/index.php\/2023\/11\/23\/empreinte-2050\/","title":{"rendered":"Empreinte 2050"},"content":{"rendered":"<p align=\"justify\"><span style=\"font-family: Calibri, sans-serif;\"><span style=\"font-size: medium;\"><img loading=\"lazy\" decoding=\"async\" class=\"size-medium wp-image-2643 alignleft\" src=\"https:\/\/pcf08.com\/wp-content\/uploads\/2023\/11\/visuel-site_pcf_69-1-300x169.png\" alt=\"\" width=\"300\" height=\"169\" srcset=\"https:\/\/pcf08.com\/wp-content\/uploads\/2023\/11\/visuel-site_pcf_69-1-300x169.png 300w, https:\/\/pcf08.com\/wp-content\/uploads\/2023\/11\/visuel-site_pcf_69-1-768x432.png 768w, https:\/\/pcf08.com\/wp-content\/uploads\/2023\/11\/visuel-site_pcf_69-1.png 800w\" sizes=\"(max-width: 300px) 100vw, 300px\" \/>Le PCF a pr\u00e9sent\u00e9 son plan pour le climat il y a quelques jours. Le GIEC et des dizaines de milliers de scientifiques alertent sur la gravit\u00e9 de la situation mais aussi pour dire qu\u2019il est encore possible de limiter le changement climatique, dans des limites qui nous pr\u00e9servent d\u2019un saut dans l\u2019inconnu, \u00e0 condition de r\u00e9duire imm\u00e9diatement, massivement et durablement les \u00e9missions de gaz \u00e0 effets de serre et \u00e0 sortir des \u00e9nergies fossiles.<\/span><\/span><\/p>\n<p align=\"justify\"><span style=\"font-family: Calibri, sans-serif;\"><span style=\"font-size: medium;\">Il nous faut donc agir vite et fort. C\u2019est le sens du plan climat pour la France, Empreinte 2050, pr\u00e9sent\u00e9 par le Parti Communiste, montrant qu\u2019il existe une alternative cr\u00e9dible pour lutter contre le r\u00e9chauffement climatique, sans p\u00e9naliser les Fran\u00e7ais, sans provoquer de ch\u00f4mage, sans augmenter les in\u00e9galit\u00e9s, sans nourrir de la d\u00e9sesp\u00e9rance.<\/span><\/span><\/p>\n<p align=\"justify\"><span style=\"font-family: Calibri, sans-serif;\"><span style=\"font-size: medium;\">Nous voulons des Jours Heureux sur une plan\u00e8te viable.<\/span><\/span><\/p>\n<p align=\"justify\"><span style=\"font-family: Calibri, sans-serif;\"><span style=\"font-size: medium;\">Ce plan qui a \u00e9t\u00e9 travaill\u00e9 avec des ing\u00e9nieurs et des scientifiques pr\u00e9sente trois sp\u00e9cificit\u00e9s qui lui donne une force consid\u00e9rable\u00a0:<\/span><\/span><\/p>\n<p align=\"justify\"><span style=\"font-family: Calibri, sans-serif;\"><span style=\"font-size: medium;\">Premi\u00e8rement, il a une ambition claire : atteindre la neutralit\u00e9 carbone en 2050 et r\u00e9duire massivement notre empreinte carbone, en nous attaquant aux \u00e9missions li\u00e9es \u00e0 nos importations. Cela veut dire que la France doit produire ici ce dont elle a besoin et qu\u2019un mix \u00e9nerg\u00e9tique est n\u00e9cessaire.<\/span><\/span><\/p>\n<p align=\"justify\"><span style=\"font-family: Calibri, sans-serif;\"><span style=\"font-size: medium;\">Deuxi\u00e8mement, Empreinte 2050 propose que cette transition \u00e9nerg\u00e9tique se r\u00e9alise dans la justice sociale et la coop\u00e9ration internationale\u00a0: pas de plan climat sans Jours Heureux pour tous et pas de Jours heureux sans climat pr\u00e9serv\u00e9. Cela suppose des mesures pour le transport, le logement &#8230;<\/span><\/span><\/p>\n<p align=\"justify\"><span style=\"font-family: Calibri, sans-serif;\"><span style=\"font-size: medium;\">Troisi\u00e8mement, le plan climat pour la France Empreinte 2050 se donne les moyens de ses objectifs. Il s\u2019appuie sur une d\u00e9mocratisation de la soci\u00e9t\u00e9, de nouvelles institutions et mobilise des moyens financiers in\u00e9dits pour atteindre ce but.<\/span><\/span><\/p>\n","protected":false},"excerpt":{"rendered":"<p>Le PCF a pr\u00e9sent\u00e9 son plan pour le climat il y a quelques jours. Le GIEC et des dizaines de milliers de scientifiques alertent sur la gravit\u00e9 de la situation mais aussi pour dire qu\u2019il est encore possible de limiter le changement climatique, dans des limites qui nous pr\u00e9servent d\u2019un saut dans l\u2019inconnu, \u00e0 condition [&hellip;]<\/p>\n","protected":false},"author":4,"featured_media":0,"comment_status":"closed","ping_status":"open","sticky":false,"template":"","format":"standard","meta":{"saved_in_kubio":false,"footnotes":""},"categories":[1],"tags":[],"class_list":["post-2642","post","type-post","status-publish","format-standard","hentry","category-non-classe"],"_links":{"self":[{"href":"https:\/\/pcf08.com\/index.php\/wp-json\/wp\/v2\/posts\/2642","targetHints":{"allow":["GET"]}}],"collection":[{"href":"https:\/\/pcf08.com\/index.php\/wp-json\/wp\/v2\/posts"}],"about":[{"href":"https:\/\/pcf08.com\/index.php\/wp-json\/wp\/v2\/types\/post"}],"author":[{"embeddable":true,"href":"https:\/\/pcf08.com\/index.php\/wp-json\/wp\/v2\/users\/4"}],"replies":[{"embeddable":true,"href":"https:\/\/pcf08.com\/index.php\/wp-json\/wp\/v2\/comments?post=2642"}],"version-history":[{"count":1,"href":"https:\/\/pcf08.com\/index.php\/wp-json\/wp\/v2\/posts\/2642\/revisions"}],"predecessor-version":[{"id":2644,"href":"https:\/\/pcf08.com\/index.php\/wp-json\/wp\/v2\/posts\/2642\/revisions\/2644"}],"wp:attachment":[{"href":"https:\/\/pcf08.com\/index.php\/wp-json\/wp\/v2\/media?parent=2642"}],"wp:term":[{"taxonomy":"category","embeddable":true,"href":"https:\/\/pcf08.com\/index.php\/wp-json\/wp\/v2\/categories?post=2642"},{"taxonomy":"post_tag","embeddable":true,"href":"https:\/\/pcf08.com\/index.php\/wp-json\/wp\/v2\/tags?post=2642"}],"curies":[{"name":"wp","href":"https:\/\/api.w.org\/{rel}","templated":true}]}}