{"id":263,"date":"2020-05-19T10:38:09","date_gmt":"2020-05-19T08:38:09","guid":{"rendered":"http:\/\/pcf08.com\/?p=263"},"modified":"2020-05-19T10:38:09","modified_gmt":"2020-05-19T08:38:09","slug":"une-agence-bien-nebuleuse","status":"publish","type":"post","link":"https:\/\/pcf08.com\/index.php\/2020\/05\/19\/une-agence-bien-nebuleuse\/","title":{"rendered":"Une agence bien n\u00e9buleuse"},"content":{"rendered":"<p class=\"western\" align=\"justify\"><span style=\"font-family: Times New Roman, serif;\"><span style=\"font-size: medium;\"><img loading=\"lazy\" decoding=\"async\" class=\"size-full wp-image-264 alignleft\" src=\"https:\/\/pcf08.com\/wp-content\/uploads\/2020\/05\/urbanisme.png\" alt=\"\" width=\"255\" height=\"108\" \/>R\u00e9uni le 5 mai dernier en vid\u00e9o conf\u00e9rence le conseil communautaire de l\u2019agglom\u00e9ration Ardenne M\u00e9tropole \u00e0 valid\u00e9, pour la quatri\u00e8me ann\u00e9e cons\u00e9cutive, son adh\u00e9sion \u00e0 l\u2019Agence d\u2019urbanisme de Reims. L\u2019int\u00e9r\u00eat de cette d\u00e9marche n\u2019appara\u00eet pas clairement. A bien regarder les statuts de cette agence on constate que celle-ci ne regroupe que quelques adh\u00e9rents de collectivit\u00e9s, essentiellement la ville de Reims et l\u2019agglom\u00e9ration r\u00e9moise. <\/span><\/span><\/p>\n<p class=\"western\" align=\"justify\"><span style=\"font-family: Times New Roman, serif;\"><span style=\"font-size: medium;\">La subvention d\u2019Ardenne M\u00e9tropole se monte annuellement \u00e0 100 000,00 euros soit depuis 2017, date de l\u2019adh\u00e9sion, c\u2019est 400 000,00 euros qui ont \u00e9t\u00e9 vers\u00e9s. Pour quel retour? D\u2019autant qu\u2019il ne s\u2019agit pas d\u2019investissements mais essentiellement du travail intellectuel et d\u2019\u00e9tude. Des structures ardennaises peuvent faire le travail souhait\u00e9. Particuli\u00e8rement \u00ab\u00a0Ardennes D\u00e9veloppement\u00a0\u00bb \u00e0 qui l\u2019agglom\u00e9ration va verser pour 2020 la somme de 162 500,00 euros. Selon l\u2019expression, \u00ab\u00a0quand c\u2019est flou c\u2019est qu\u2019il y a un loup\u00a0\u00bb.<\/span><\/span><\/p>\n","protected":false},"excerpt":{"rendered":"<p>R\u00e9uni le 5 mai dernier en vid\u00e9o conf\u00e9rence le conseil communautaire de l\u2019agglom\u00e9ration Ardenne M\u00e9tropole \u00e0 valid\u00e9, pour la quatri\u00e8me ann\u00e9e cons\u00e9cutive, son adh\u00e9sion \u00e0 l\u2019Agence d\u2019urbanisme de Reims. L\u2019int\u00e9r\u00eat de cette d\u00e9marche n\u2019appara\u00eet pas clairement. A bien regarder les statuts de cette agence on constate que celle-ci ne regroupe que quelques adh\u00e9rents de collectivit\u00e9s, [&hellip;]<\/p>\n","protected":false},"author":2,"featured_media":0,"comment_status":"closed","ping_status":"open","sticky":false,"template":"","format":"standard","meta":{"saved_in_kubio":false,"footnotes":""},"categories":[1],"tags":[],"class_list":["post-263","post","type-post","status-publish","format-standard","hentry","category-non-classe"],"_links":{"self":[{"href":"https:\/\/pcf08.com\/index.php\/wp-json\/wp\/v2\/posts\/263","targetHints":{"allow":["GET"]}}],"collection":[{"href":"https:\/\/pcf08.com\/index.php\/wp-json\/wp\/v2\/posts"}],"about":[{"href":"https:\/\/pcf08.com\/index.php\/wp-json\/wp\/v2\/types\/post"}],"author":[{"embeddable":true,"href":"https:\/\/pcf08.com\/index.php\/wp-json\/wp\/v2\/users\/2"}],"replies":[{"embeddable":true,"href":"https:\/\/pcf08.com\/index.php\/wp-json\/wp\/v2\/comments?post=263"}],"version-history":[{"count":1,"href":"https:\/\/pcf08.com\/index.php\/wp-json\/wp\/v2\/posts\/263\/revisions"}],"predecessor-version":[{"id":265,"href":"https:\/\/pcf08.com\/index.php\/wp-json\/wp\/v2\/posts\/263\/revisions\/265"}],"wp:attachment":[{"href":"https:\/\/pcf08.com\/index.php\/wp-json\/wp\/v2\/media?parent=263"}],"wp:term":[{"taxonomy":"category","embeddable":true,"href":"https:\/\/pcf08.com\/index.php\/wp-json\/wp\/v2\/categories?post=263"},{"taxonomy":"post_tag","embeddable":true,"href":"https:\/\/pcf08.com\/index.php\/wp-json\/wp\/v2\/tags?post=263"}],"curies":[{"name":"wp","href":"https:\/\/api.w.org\/{rel}","templated":true}]}}