{"id":2626,"date":"2023-11-16T13:20:58","date_gmt":"2023-11-16T12:20:58","guid":{"rendered":"http:\/\/pcf08.com\/?p=2626"},"modified":"2023-11-16T13:20:58","modified_gmt":"2023-11-16T12:20:58","slug":"elections-europeennes-consultation-des-communistes","status":"publish","type":"post","link":"https:\/\/pcf08.com\/index.php\/2023\/11\/16\/elections-europeennes-consultation-des-communistes\/","title":{"rendered":"\u00c9lections europ\u00e9ennes \u2013 Consultation des communistes"},"content":{"rendered":"<p align=\"justify\"><span style=\"font-family: Calibri, sans-serif;\"><span style=\"color: #444444;\"><span style=\"font-family: Arial, Helvetica, sans-serif;\"><span style=\"font-size: small;\"><img loading=\"lazy\" decoding=\"async\" class=\"size-medium wp-image-2627 alignleft\" src=\"https:\/\/pcf08.com\/wp-content\/uploads\/2023\/11\/Vote-300x162.jpg\" alt=\"\" width=\"300\" height=\"162\" srcset=\"https:\/\/pcf08.com\/wp-content\/uploads\/2023\/11\/Vote-300x162.jpg 300w, https:\/\/pcf08.com\/wp-content\/uploads\/2023\/11\/Vote-1024x552.jpg 1024w, https:\/\/pcf08.com\/wp-content\/uploads\/2023\/11\/Vote-768x414.jpg 768w, https:\/\/pcf08.com\/wp-content\/uploads\/2023\/11\/Vote.jpg 1080w\" sizes=\"(max-width: 300px) 100vw, 300px\" \/><\/span><\/span><\/span><\/span><\/p>\n<p align=\"justify\"><span style=\"font-family: Calibri, sans-serif;\"><span style=\"color: #444444;\"><span style=\"font-family: Arial, Helvetica, sans-serif;\"><span style=\"font-size: small;\">Ce week-end, les adh\u00e9rent\u00b7es du Parti communiste ont approuv\u00e9 \u00e0 91%, <\/span><\/span><\/span><span style=\"color: #444444;\"><span style=\"font-family: Arial, Helvetica, sans-serif;\"><span style=\"font-size: small;\">\u00e0 98,5\u00a0% dans les Ardennes, <\/span><\/span><\/span><span style=\"color: #444444;\"><span style=\"font-family: Arial, Helvetica, sans-serif;\"><span style=\"font-size: small;\"> la proposition de <\/span><\/span><\/span><span style=\"color: #444444;\"><span style=\"font-family: Arial, Helvetica, sans-serif;\"><span style=\"font-size: small;\">d\u00e9signer<\/span><\/span><\/span><span style=\"color: #444444;\"><span style=\"font-family: Arial, Helvetica, sans-serif;\"><span style=\"font-size: small;\"> L\u00e9on DEFFONTAINES t\u00eate de liste du PCF pour les \u00e9lections europ\u00e9ennes dans le cadre de la construction d&rsquo;une liste de large rassemblement portant clairement les valeurs et les propositions d\u2019une gauche rompant avec le capitalisme.<\/span><\/span><\/span> <\/span><\/p>\n","protected":false},"excerpt":{"rendered":"<p>Ce week-end, les adh\u00e9rent\u00b7es du Parti communiste ont approuv\u00e9 \u00e0 91%, \u00e0 98,5\u00a0% dans les Ardennes, la proposition de d\u00e9signer L\u00e9on DEFFONTAINES t\u00eate de liste du PCF pour les \u00e9lections europ\u00e9ennes dans le cadre de la construction d&rsquo;une liste de large rassemblement portant clairement les valeurs et les propositions d\u2019une gauche rompant avec le capitalisme.<\/p>\n","protected":false},"author":4,"featured_media":0,"comment_status":"closed","ping_status":"open","sticky":false,"template":"","format":"standard","meta":{"saved_in_kubio":false,"footnotes":""},"categories":[1],"tags":[],"class_list":["post-2626","post","type-post","status-publish","format-standard","hentry","category-non-classe"],"_links":{"self":[{"href":"https:\/\/pcf08.com\/index.php\/wp-json\/wp\/v2\/posts\/2626","targetHints":{"allow":["GET"]}}],"collection":[{"href":"https:\/\/pcf08.com\/index.php\/wp-json\/wp\/v2\/posts"}],"about":[{"href":"https:\/\/pcf08.com\/index.php\/wp-json\/wp\/v2\/types\/post"}],"author":[{"embeddable":true,"href":"https:\/\/pcf08.com\/index.php\/wp-json\/wp\/v2\/users\/4"}],"replies":[{"embeddable":true,"href":"https:\/\/pcf08.com\/index.php\/wp-json\/wp\/v2\/comments?post=2626"}],"version-history":[{"count":1,"href":"https:\/\/pcf08.com\/index.php\/wp-json\/wp\/v2\/posts\/2626\/revisions"}],"predecessor-version":[{"id":2628,"href":"https:\/\/pcf08.com\/index.php\/wp-json\/wp\/v2\/posts\/2626\/revisions\/2628"}],"wp:attachment":[{"href":"https:\/\/pcf08.com\/index.php\/wp-json\/wp\/v2\/media?parent=2626"}],"wp:term":[{"taxonomy":"category","embeddable":true,"href":"https:\/\/pcf08.com\/index.php\/wp-json\/wp\/v2\/categories?post=2626"},{"taxonomy":"post_tag","embeddable":true,"href":"https:\/\/pcf08.com\/index.php\/wp-json\/wp\/v2\/tags?post=2626"}],"curies":[{"name":"wp","href":"https:\/\/api.w.org\/{rel}","templated":true}]}}