{"id":2624,"date":"2023-11-16T13:19:44","date_gmt":"2023-11-16T12:19:44","guid":{"rendered":"http:\/\/pcf08.com\/?p=2624"},"modified":"2023-11-16T13:19:44","modified_gmt":"2023-11-16T12:19:44","slug":"antisemitisme-et-defense-de-la-democratie","status":"publish","type":"post","link":"https:\/\/pcf08.com\/index.php\/2023\/11\/16\/antisemitisme-et-defense-de-la-democratie\/","title":{"rendered":"Antis\u00e9mitisme et d\u00e9fense de la d\u00e9mocratie"},"content":{"rendered":"<p align=\"justify\"><span style=\"color: #000000;\"><span style=\"font-family: Calibri, sans-serif;\"><span style=\"font-size: medium;\">Le 12 novembre dernier les citoyens fran\u00e7ais \u00e9taient invit\u00e9s par la Pr\u00e9sidente de l&rsquo;Assembl\u00e9e Nationale et le Pr\u00e9sident du S\u00e9nat auxquels s&rsquo;est jointe la premi\u00e8re ministre, \u00e0 manifester contre l\u2019antis\u00e9mitisme. Donn\u00e9es \u00e0 l\u2019appui il est ind\u00e9niable que l&rsquo;on traverse depuis quelques temps une v\u00e9ritable recrudescence des actes antis\u00e9mites. Une chose est certaine, tous les citoyens juifs vivant en France ne sont en rien responsables des actes et de la politique de guerre \u00e9manant du gouvernement du 1er ministre isra\u00e9lien Benyamin Netanyahou, tout comme les Palestiniens et ou les musulmans pr\u00e9sents sur le territoire national ne sont pas des soutiens du mouvement terroriste du Hamas.<\/span><\/span><\/span><\/p>\n<p align=\"justify\"><span style=\"color: #000000;\"><span style=\"font-family: Calibri, sans-serif;\"><span style=\"font-size: medium;\">C&rsquo;est pourquoi il aurait \u00e9t\u00e9 plus juste d&rsquo;appeler \u00e0 une manifestation nationale contre l\u2019antis\u00e9mitisme, contre tous les racismes et pour exiger un cess\u00e9 le feu imm\u00e9diat et une lib\u00e9ration des otages afin d&rsquo;\u00e9pargner les milliers d&rsquo;innocents victimes de l&rsquo;aveuglement des protagonistes guid\u00e9s par leur fanatisme.\u00a0<\/span><\/span><\/span><\/p>\n<p align=\"justify\"><span style=\"font-family: Calibri, sans-serif;\">Malheureusement cette perception des choses n&rsquo;est pas venue \u00e0 l&rsquo;id\u00e9e de celles et ceux qui ont utilis\u00e9 cette \u00e9ni\u00e8me \u00e9pisode de guerre par, j\u2019ose le dire, d\u00e9magogie allant jusqu\u2019\u00e0 accepter dans les cort\u00e8ges des manifestations des repr\u00e9sentants de partis et d\u2019\u00e9lus ouvertement x\u00e9nophobes. Sans oublier la cheffe du gouvernement d\u00e9fendant la d\u00e9mocratie \u00e0 coups de 49.3 pour faire passer des lois antisociales rejet\u00e9es par le peuple face \u00e0 des parlementaires r\u00e9duits par force au silence.<\/span><\/p>\n<p align=\"justify\"><span style=\"font-family: Calibri, sans-serif;\">Le monde et ses citoyens ont besoin d&rsquo;un v\u00e9ritable mouvement pacifiste pour qui la priorit\u00e9 est le vivre ensemble libre et heureux plut\u00f4t que le toujours plus en mati\u00e8re de b\u00e9n\u00e9fices\u00a0 r\u00e9serv\u00e9 \u00e0 une caste qui se croit sup\u00e9rieure et prot\u00e9g\u00e9e par sa richesse.<\/span><\/p>\n<p align=\"right\"><span style=\"font-family: Calibri, sans-serif;\">Patrick LATTUADA\u00a0<\/span><\/p>\n","protected":false},"excerpt":{"rendered":"<p>Le 12 novembre dernier les citoyens fran\u00e7ais \u00e9taient invit\u00e9s par la Pr\u00e9sidente de l&rsquo;Assembl\u00e9e Nationale et le Pr\u00e9sident du S\u00e9nat auxquels s&rsquo;est jointe la premi\u00e8re ministre, \u00e0 manifester contre l\u2019antis\u00e9mitisme. Donn\u00e9es \u00e0 l\u2019appui il est ind\u00e9niable que l&rsquo;on traverse depuis quelques temps une v\u00e9ritable recrudescence des actes antis\u00e9mites. Une chose est certaine, tous les citoyens [&hellip;]<\/p>\n","protected":false},"author":4,"featured_media":0,"comment_status":"closed","ping_status":"open","sticky":false,"template":"","format":"standard","meta":{"saved_in_kubio":false,"footnotes":""},"categories":[1],"tags":[],"class_list":["post-2624","post","type-post","status-publish","format-standard","hentry","category-non-classe"],"_links":{"self":[{"href":"https:\/\/pcf08.com\/index.php\/wp-json\/wp\/v2\/posts\/2624","targetHints":{"allow":["GET"]}}],"collection":[{"href":"https:\/\/pcf08.com\/index.php\/wp-json\/wp\/v2\/posts"}],"about":[{"href":"https:\/\/pcf08.com\/index.php\/wp-json\/wp\/v2\/types\/post"}],"author":[{"embeddable":true,"href":"https:\/\/pcf08.com\/index.php\/wp-json\/wp\/v2\/users\/4"}],"replies":[{"embeddable":true,"href":"https:\/\/pcf08.com\/index.php\/wp-json\/wp\/v2\/comments?post=2624"}],"version-history":[{"count":1,"href":"https:\/\/pcf08.com\/index.php\/wp-json\/wp\/v2\/posts\/2624\/revisions"}],"predecessor-version":[{"id":2625,"href":"https:\/\/pcf08.com\/index.php\/wp-json\/wp\/v2\/posts\/2624\/revisions\/2625"}],"wp:attachment":[{"href":"https:\/\/pcf08.com\/index.php\/wp-json\/wp\/v2\/media?parent=2624"}],"wp:term":[{"taxonomy":"category","embeddable":true,"href":"https:\/\/pcf08.com\/index.php\/wp-json\/wp\/v2\/categories?post=2624"},{"taxonomy":"post_tag","embeddable":true,"href":"https:\/\/pcf08.com\/index.php\/wp-json\/wp\/v2\/tags?post=2624"}],"curies":[{"name":"wp","href":"https:\/\/api.w.org\/{rel}","templated":true}]}}