{"id":2571,"date":"2023-11-02T13:24:10","date_gmt":"2023-11-02T12:24:10","guid":{"rendered":"http:\/\/pcf08.com\/?p=2571"},"modified":"2023-11-02T14:31:59","modified_gmt":"2023-11-02T13:31:59","slug":"lurgence-de-la-paix-au-proche-orient","status":"publish","type":"post","link":"https:\/\/pcf08.com\/index.php\/2023\/11\/02\/lurgence-de-la-paix-au-proche-orient\/","title":{"rendered":"L\u2019urgence de la paix au Proche Orient"},"content":{"rendered":"<p align=\"justify\"><span style=\"font-family: Calibri, sans-serif;\">Sur proposition de la cellule du PCF du centre de Charleville s\u2019organise une initiative sur la paix pour les 4 et 5 novembre \u00e0 Charleville-M\u00e9zi\u00e8res\u00a0: concert le samedi soir, d\u00e9bats le dimanche matin.<\/span><\/p>\n<p align=\"justify\"><span style=\"font-family: Calibri, sans-serif;\">L\u2019horreur du si\u00e8ge de Gaza, de l\u2019attaque militaire d\u2019Isra\u00ebl, apr\u00e8s l\u2019horreur de l\u2019attaque terroriste du Hamas, donne une actualit\u00e9 toute particuli\u00e8re \u00e0 cette initiative.<\/span><\/p>\n<p align=\"justify\"><span style=\"font-family: Calibri, sans-serif;\">Le fait d&rsquo;infliger \u00e0 la population civile palestinienne une punition collective, de provoquer un effondrement humanitaire mettant en danger la vie des 2,1 millions de Gazaouis, un d\u00e9placement forc\u00e9 d&rsquo;une partie de la population constituent des crimes de guerre. B. Netanyahou devra en r\u00e9pondre devant la Cour P\u00e9nale Internationale.<\/span><\/p>\n<p align=\"justify\"><span id=\"Cadre5\" dir=\"ltr\"><\/span><span style=\"font-family: Calibri, sans-serif;\">L&rsquo;inaction internationale pour stopper l\u2019engrenage des tueries fait prendre le risque d\u2019une extension du conflit. Le conseil europ\u00e9en fait preuve d&rsquo;une coupable l\u00e2chet\u00e9 politique.<\/span><\/p>\n<p align=\"justify\"><span style=\"font-family: Calibri, sans-serif;\">La r\u00e9solution vot\u00e9e par l&rsquo;assembl\u00e9e g\u00e9n\u00e9rale de l&rsquo;ONU appelant \u00e0 une tr\u00eave humanitaire est un point d&rsquo;appui. La France s&rsquo;est prononc\u00e9e en sa faveur. Elle doit maintenant concr\u00e9tiser son vote en faisant pression sur le gouvernement de l&rsquo;\u00e9tat d&rsquo;Isra\u00ebl pour que la r\u00e9solution soit mise en application.<\/span><\/p>\n<p align=\"justify\"><span style=\"font-family: Calibri, sans-serif;\">L&rsquo;urgence est au cessez-le-feu, \u00e0 la lib\u00e9ration des otages, \u00e0 l&rsquo;aide humanitaire et \u00e0 la protection de toutes les populations civiles.<\/span><\/p>\n<p align=\"justify\"><span style=\"color: #000000;\"><span style=\"font-family: Calibri, sans-serif;\"><span style=\"font-size: medium;\">La France doit appeler clairement \u00e0 un cessez-le-feu, \u00e0 mettre fin aux bombardements contre les populations civiles. Elle doit reconna\u00eetre L\u2019\u00c9tat de Palestine comme premi\u00e8re \u00e9tape vers la n\u00e9cessaire solution \u00e0 deux \u00c9tats vivant en paix et en s\u00e9curit\u00e9, sur la base des r\u00e9solutions de l&rsquo;ONU.<\/span><\/span><\/span><\/p>\n<p align=\"center\"><span style=\"color: #ffffff;\"><span style=\"font-family: Calibri, sans-serif;\"><b>Quand le foot devient un enjeu politique !<\/b><\/span><\/span><\/p>\n<div id=\"Section1\" dir=\"ltr\"><\/div>\n<p align=\"justify\">\n","protected":false},"excerpt":{"rendered":"<p>Sur proposition de la cellule du PCF du centre de Charleville s\u2019organise une initiative sur la paix pour les 4 et 5 novembre \u00e0 Charleville-M\u00e9zi\u00e8res\u00a0: concert le samedi soir, d\u00e9bats le dimanche matin. L\u2019horreur du si\u00e8ge de Gaza, de l\u2019attaque militaire d\u2019Isra\u00ebl, apr\u00e8s l\u2019horreur de l\u2019attaque terroriste du Hamas, donne une actualit\u00e9 toute particuli\u00e8re \u00e0 [&hellip;]<\/p>\n","protected":false},"author":4,"featured_media":0,"comment_status":"closed","ping_status":"open","sticky":false,"template":"","format":"standard","meta":{"saved_in_kubio":false,"footnotes":""},"categories":[1],"tags":[],"class_list":["post-2571","post","type-post","status-publish","format-standard","hentry","category-non-classe"],"_links":{"self":[{"href":"https:\/\/pcf08.com\/index.php\/wp-json\/wp\/v2\/posts\/2571","targetHints":{"allow":["GET"]}}],"collection":[{"href":"https:\/\/pcf08.com\/index.php\/wp-json\/wp\/v2\/posts"}],"about":[{"href":"https:\/\/pcf08.com\/index.php\/wp-json\/wp\/v2\/types\/post"}],"author":[{"embeddable":true,"href":"https:\/\/pcf08.com\/index.php\/wp-json\/wp\/v2\/users\/4"}],"replies":[{"embeddable":true,"href":"https:\/\/pcf08.com\/index.php\/wp-json\/wp\/v2\/comments?post=2571"}],"version-history":[{"count":1,"href":"https:\/\/pcf08.com\/index.php\/wp-json\/wp\/v2\/posts\/2571\/revisions"}],"predecessor-version":[{"id":2572,"href":"https:\/\/pcf08.com\/index.php\/wp-json\/wp\/v2\/posts\/2571\/revisions\/2572"}],"wp:attachment":[{"href":"https:\/\/pcf08.com\/index.php\/wp-json\/wp\/v2\/media?parent=2571"}],"wp:term":[{"taxonomy":"category","embeddable":true,"href":"https:\/\/pcf08.com\/index.php\/wp-json\/wp\/v2\/categories?post=2571"},{"taxonomy":"post_tag","embeddable":true,"href":"https:\/\/pcf08.com\/index.php\/wp-json\/wp\/v2\/tags?post=2571"}],"curies":[{"name":"wp","href":"https:\/\/api.w.org\/{rel}","templated":true}]}}