{"id":2563,"date":"2023-10-27T12:46:46","date_gmt":"2023-10-27T10:46:46","guid":{"rendered":"http:\/\/pcf08.com\/?p=2563"},"modified":"2023-10-27T12:46:46","modified_gmt":"2023-10-27T10:46:46","slug":"protegeons-nos-sites-boises","status":"publish","type":"post","link":"https:\/\/pcf08.com\/index.php\/2023\/10\/27\/protegeons-nos-sites-boises\/","title":{"rendered":"Prot\u00e9geons nos sites bois\u00e9s"},"content":{"rendered":"<p align=\"justify\"><span style=\"font-family: Calibri, sans-serif;\"><span style=\"font-size: small;\"><img loading=\"lazy\" decoding=\"async\" class=\"size-medium wp-image-2564 alignleft\" src=\"https:\/\/pcf08.com\/wp-content\/uploads\/2023\/10\/foret-300x225.jpg\" alt=\"\" width=\"300\" height=\"225\" srcset=\"https:\/\/pcf08.com\/wp-content\/uploads\/2023\/10\/foret-300x225.jpg 300w, https:\/\/pcf08.com\/wp-content\/uploads\/2023\/10\/foret-768x576.jpg 768w, https:\/\/pcf08.com\/wp-content\/uploads\/2023\/10\/foret.jpg 800w\" sizes=\"(max-width: 300px) 100vw, 300px\" \/>Au nom de l\u2019environnement on ne peut pas faire n\u2019importe quoi. C\u2019est vrai pour la r\u00e9alisation de sites photovolta\u00efques. Un projet existe dans notre d\u00e9partement, \u00e0 Daigny (08), pour l\u2019implantation de 79 000 panneaux. L\u2019objectif de r\u00e9pondre aux besoins en \u00e9nergie propre est certes souhaitable mais ne doit pas se faire au d\u00e9triment d\u2019une protection de la biodiversit\u00e9. Le projet de Daigny a g\u00e9n\u00e9r\u00e9 la destruction d\u2019une for\u00eat de 30 hectares. Les Ardennes qui connaissent une crise \u00e9conomique profonde ne peuvent servir de territoire d\u2019am\u00e9nagement o\u00f9 l\u2019on ne tient pas compte de l\u2019environnement. <\/span><\/span><\/p>\n<p align=\"justify\"><span style=\"font-family: Calibri, sans-serif;\"><span style=\"font-size: small;\">Au plan d\u00e9partemental nous disposons d\u2019un parc forestier de qualit\u00e9 de 520 000 hectares. Cette r\u00e9alit\u00e9 doit \u00eatre un atout pour assurer la protection de la biodiversit\u00e9. <\/span><\/span><\/p>\n<p align=\"justify\"><span style=\"font-family: Calibri, sans-serif;\"><span style=\"font-size: small;\">A Daigny la destruction de ce p\u00e9rim\u00e8tre bois\u00e9 vient en contradiction avec la proposition de cr\u00e9ation d\u2019une for\u00eat primaire de 70 000 hectares. Il ne faut rien faire qui ait des cons\u00e9quences irr\u00e9versibles. L\u2019Office national des for\u00eats (ONF) doit \u00eatre l\u2019interlocuteur privil\u00e9gi\u00e9 pour d\u00e9fendre la for\u00eat des Ardennes. C\u2019est pourquoi il faut cesser le d\u00e9mant\u00e8lement de cet organisme.<\/span><\/span><\/p>\n<p align=\"justify\"><span style=\"font-family: Calibri, sans-serif;\"><span style=\"font-size: small;\">Un rassemblement est programm\u00e9 ce 28 octobre \u00e0 14 heures devant la mairie de Daigny.<\/span><\/span><\/p>\n<p align=\"right\"><span style=\"font-family: Calibri, sans-serif;\"><span style=\"font-size: small;\"> Sylvain DALLA ROSA<\/span><\/span><\/p>\n","protected":false},"excerpt":{"rendered":"<p>Au nom de l\u2019environnement on ne peut pas faire n\u2019importe quoi. C\u2019est vrai pour la r\u00e9alisation de sites photovolta\u00efques. Un projet existe dans notre d\u00e9partement, \u00e0 Daigny (08), pour l\u2019implantation de 79 000 panneaux. L\u2019objectif de r\u00e9pondre aux besoins en \u00e9nergie propre est certes souhaitable mais ne doit pas se faire au d\u00e9triment d\u2019une protection [&hellip;]<\/p>\n","protected":false},"author":4,"featured_media":0,"comment_status":"closed","ping_status":"open","sticky":false,"template":"","format":"standard","meta":{"saved_in_kubio":false,"footnotes":""},"categories":[1],"tags":[],"class_list":["post-2563","post","type-post","status-publish","format-standard","hentry","category-non-classe"],"_links":{"self":[{"href":"https:\/\/pcf08.com\/index.php\/wp-json\/wp\/v2\/posts\/2563","targetHints":{"allow":["GET"]}}],"collection":[{"href":"https:\/\/pcf08.com\/index.php\/wp-json\/wp\/v2\/posts"}],"about":[{"href":"https:\/\/pcf08.com\/index.php\/wp-json\/wp\/v2\/types\/post"}],"author":[{"embeddable":true,"href":"https:\/\/pcf08.com\/index.php\/wp-json\/wp\/v2\/users\/4"}],"replies":[{"embeddable":true,"href":"https:\/\/pcf08.com\/index.php\/wp-json\/wp\/v2\/comments?post=2563"}],"version-history":[{"count":1,"href":"https:\/\/pcf08.com\/index.php\/wp-json\/wp\/v2\/posts\/2563\/revisions"}],"predecessor-version":[{"id":2565,"href":"https:\/\/pcf08.com\/index.php\/wp-json\/wp\/v2\/posts\/2563\/revisions\/2565"}],"wp:attachment":[{"href":"https:\/\/pcf08.com\/index.php\/wp-json\/wp\/v2\/media?parent=2563"}],"wp:term":[{"taxonomy":"category","embeddable":true,"href":"https:\/\/pcf08.com\/index.php\/wp-json\/wp\/v2\/categories?post=2563"},{"taxonomy":"post_tag","embeddable":true,"href":"https:\/\/pcf08.com\/index.php\/wp-json\/wp\/v2\/tags?post=2563"}],"curies":[{"name":"wp","href":"https:\/\/api.w.org\/{rel}","templated":true}]}}