{"id":2559,"date":"2023-10-27T12:44:49","date_gmt":"2023-10-27T10:44:49","guid":{"rendered":"http:\/\/pcf08.com\/?p=2559"},"modified":"2023-10-27T12:44:49","modified_gmt":"2023-10-27T10:44:49","slug":"le-departement-des-ardennes-a-la-diete","status":"publish","type":"post","link":"https:\/\/pcf08.com\/index.php\/2023\/10\/27\/le-departement-des-ardennes-a-la-diete\/","title":{"rendered":"Le d\u00e9partement des Ardennes \u00e0 la di\u00e8te"},"content":{"rendered":"<p align=\"justify\"><span style=\"font-family: Calibri, sans-serif;\"><span style=\"font-size: small;\">C\u2019est bien connu les collectivit\u00e9s locales et territoriales rencontrent des probl\u00e8mes budg\u00e9taires importants. D\u2019ann\u00e9e en ann\u00e9e ces difficult\u00e9s prennent de l\u2019ampleur, cela alors que les comp\u00e9tences s\u2019\u00e9tendent. Le d\u00e9partement des Ardennes n\u2019\u00e9chappe pas \u00e0 la r\u00e8gle. Le pr\u00e9sident du conseil d\u00e9partemental, No\u00ebl Bourgeois, qui pointe au parti de droite \u00ab\u00a0les R\u00e9publicains\u00a0\u00bb n\u2019est pas \u00e9conome de d\u00e9clarations contre le d\u00e9sengagement du gouvernement. En cause notamment, la non revalorisation des aides et l\u2019absence d\u2019informations pr\u00e9cises sur les soutiens de l\u2019\u00c9tat. <\/span><\/span><\/p>\n<p align=\"justify\"><span style=\"font-family: Calibri, sans-serif;\"><span style=\"font-size: small;\">En mai dernier, la premi\u00e8re Ministre avait annonc\u00e9 la cr\u00e9ation d\u2019un fond de soutien exceptionnel de 250 millions d\u2019euros au plan national. Cette contribution financi\u00e8re est destin\u00e9e \u00e0 aider les d\u00e9partements pauvres. Malheureusement, depuis l\u2019annonce rien de concret n\u2019est venu pour aider le d\u00e9partement. <\/span><\/span><\/p>\n<p align=\"justify\"><span style=\"font-family: Calibri, sans-serif;\"><span style=\"font-size: small;\">M\u00eame le montant que doivent percevoir les Ardennes n\u2019a pas \u00e9t\u00e9 confirm\u00e9. Il s\u2019agit d\u2019un fond qui vient en compl\u00e9ment des aides d\u00e9j\u00e0 attribu\u00e9es et institutionnalis\u00e9es. Compenser ce manque par la fiscalit\u00e9 va p\u00e9naliser les habitants.<\/span><\/span><\/p>\n<p align=\"justify\"><span style=\"font-family: Calibri, sans-serif;\"><span style=\"font-size: small;\">Le pr\u00e9sident du d\u00e9partement confront\u00e9 \u00e0 une crise financi\u00e8re sans pr\u00e9c\u00e9dent remue les manches pour s\u2019affranchir de la responsabilit\u00e9 de la politique d\u2019aust\u00e9rit\u00e9 pratiqu\u00e9e par le pouvoir. Cet \u00e9touffement des d\u00e9partements n\u2018est pas nouveau. La droite, dont se r\u00e9clame N. Bourgeois, n\u2019a rien fait pour donner aux collectivit\u00e9s les moyens de faire face aux besoins de nos territoires. <\/span><\/span><\/p>\n<p align=\"justify\"><span style=\"font-family: Calibri, sans-serif;\"><span style=\"font-size: small;\">Pourtant les d\u00e9partements et les communes sont au premier rang pour am\u00e9nager les territoires. Les routes entretenues par le conseil d\u00e9partemental dans notre d\u00e9partement repr\u00e9sentent 3309 kilom\u00e8tres. En 2022 ce sont plus de 11 millions consacr\u00e9s \u00e0 cet investissement. Sur d\u2019autres sujets le recul du d\u00e9partement est \u00e9galement sensible. Ainsi, la construction d\u2019un coll\u00e8ge neuf \u00e0 la Ronde-Couture vient d\u2019\u00eatre annul\u00e9e. La situation va en s\u2019aggravant. C\u2019est le recul social et \u00e9conomique des Ardennes qui est malheureusement la r\u00e9alit\u00e9. On attend que les \u00e9lus ne limitent pas leur intervention au simple constat. Il faut agir. Sylvain DALLA ROSA<\/span><\/span><\/p>\n","protected":false},"excerpt":{"rendered":"<p>C\u2019est bien connu les collectivit\u00e9s locales et territoriales rencontrent des probl\u00e8mes budg\u00e9taires importants. D\u2019ann\u00e9e en ann\u00e9e ces difficult\u00e9s prennent de l\u2019ampleur, cela alors que les comp\u00e9tences s\u2019\u00e9tendent. Le d\u00e9partement des Ardennes n\u2019\u00e9chappe pas \u00e0 la r\u00e8gle. Le pr\u00e9sident du conseil d\u00e9partemental, No\u00ebl Bourgeois, qui pointe au parti de droite \u00ab\u00a0les R\u00e9publicains\u00a0\u00bb n\u2019est pas \u00e9conome de [&hellip;]<\/p>\n","protected":false},"author":4,"featured_media":0,"comment_status":"closed","ping_status":"open","sticky":false,"template":"","format":"standard","meta":{"saved_in_kubio":false,"footnotes":""},"categories":[1],"tags":[],"class_list":["post-2559","post","type-post","status-publish","format-standard","hentry","category-non-classe"],"_links":{"self":[{"href":"https:\/\/pcf08.com\/index.php\/wp-json\/wp\/v2\/posts\/2559","targetHints":{"allow":["GET"]}}],"collection":[{"href":"https:\/\/pcf08.com\/index.php\/wp-json\/wp\/v2\/posts"}],"about":[{"href":"https:\/\/pcf08.com\/index.php\/wp-json\/wp\/v2\/types\/post"}],"author":[{"embeddable":true,"href":"https:\/\/pcf08.com\/index.php\/wp-json\/wp\/v2\/users\/4"}],"replies":[{"embeddable":true,"href":"https:\/\/pcf08.com\/index.php\/wp-json\/wp\/v2\/comments?post=2559"}],"version-history":[{"count":1,"href":"https:\/\/pcf08.com\/index.php\/wp-json\/wp\/v2\/posts\/2559\/revisions"}],"predecessor-version":[{"id":2560,"href":"https:\/\/pcf08.com\/index.php\/wp-json\/wp\/v2\/posts\/2559\/revisions\/2560"}],"wp:attachment":[{"href":"https:\/\/pcf08.com\/index.php\/wp-json\/wp\/v2\/media?parent=2559"}],"wp:term":[{"taxonomy":"category","embeddable":true,"href":"https:\/\/pcf08.com\/index.php\/wp-json\/wp\/v2\/categories?post=2559"},{"taxonomy":"post_tag","embeddable":true,"href":"https:\/\/pcf08.com\/index.php\/wp-json\/wp\/v2\/tags?post=2559"}],"curies":[{"name":"wp","href":"https:\/\/api.w.org\/{rel}","templated":true}]}}