{"id":2557,"date":"2023-10-27T12:43:40","date_gmt":"2023-10-27T10:43:40","guid":{"rendered":"http:\/\/pcf08.com\/?p=2557"},"modified":"2023-10-27T12:43:40","modified_gmt":"2023-10-27T10:43:40","slug":"paix-et-justice-pour-les-peuples","status":"publish","type":"post","link":"https:\/\/pcf08.com\/index.php\/2023\/10\/27\/paix-et-justice-pour-les-peuples\/","title":{"rendered":"PAIX ET JUSTICE\u00a0POUR LES PEUPLES"},"content":{"rendered":"<p align=\"justify\"><span style=\"font-family: Calibri, sans-serif;\"><span style=\"font-size: small;\"><img loading=\"lazy\" decoding=\"async\" class=\"size-medium wp-image-2454 alignleft\" src=\"https:\/\/pcf08.com\/wp-content\/uploads\/2023\/08\/Affiche-pour-la-paix1024_1-211x300.jpg\" alt=\"\" width=\"211\" height=\"300\" srcset=\"https:\/\/pcf08.com\/wp-content\/uploads\/2023\/08\/Affiche-pour-la-paix1024_1-211x300.jpg 211w, https:\/\/pcf08.com\/wp-content\/uploads\/2023\/08\/Affiche-pour-la-paix1024_1.jpg 720w\" sizes=\"(max-width: 211px) 100vw, 211px\" \/>\u00ab\u00a0Aujourd\u2019hui, l\u2019affirmation de la Paix est le plus grand des combats\u00a0\u00bb affirme Jean Jaur\u00e8s en janvier 1914. Le d\u00e9put\u00e9 et fondateur du journal L\u2019Humanit\u00e9 meurt assassin\u00e9 le 31 juillet 1914 au commencement de la premi\u00e8re guerre mondiale. A l\u2019heure o\u00f9 les conflits se multiplient \u00e0 travers le monde (environ 35 conflits actuellement dans le monde), ses mots prennent une r\u00e9sonnance particuli\u00e8re dans notre quotidien de militants communistes.<\/span><\/span><\/p>\n<p align=\"justify\"><span style=\"font-family: Calibri, sans-serif;\"><span style=\"font-size: small;\">En Ukraine, apr\u00e8s les canons, les chars ! Apr\u00e8s les chars, les avions ? Apr\u00e8s les avions, les soldats ? Et pour aller jusqu\u2019o\u00f9 ? C\u2019est bien une nouvelle guerre mondiale entre l\u2019OTAN et la Russie qui se d\u00e9roule en Ukraine et que le reste du monde regarde en faisant le bilan funeste de la domination occidentale. <\/span><\/span><\/p>\n<p align=\"justify\"><span style=\"font-family: Calibri, sans-serif;\"><span style=\"font-size: small;\">Au Haut-Karabakh, l\u2019attaque militaire de l\u2019Azerba\u00efdjan met en danger g\u00e9nocidaire la population arm\u00e9nienne de cette r\u00e9gion qui a d\u00fb fuir vers l\u2019Arm\u00e9nie. C\u2019est l\u2019int\u00e9grit\u00e9 de cette petite r\u00e9publique arm\u00e9nienne qui est mise en danger au m\u00e9pris du droit international. Les parlementaires communistes demandaient depuis plusieurs mois la reconnaissance par la France de la R\u00e9publique de l\u2019Artsakh. <\/span><\/span><\/p>\n<p align=\"justify\"><span style=\"font-family: Calibri, sans-serif;\"><span style=\"font-size: small;\">Depuis ce mois d\u2019octobre, la r\u00e9gion kurde du Rojava au Nord de la Syrie, o\u00f9 se construit une soci\u00e9t\u00e9 de coexistence pacifique et d\u00e9mocratique des peuples, est attaqu\u00e9e par une offensive militaire de la Turquie de l\u2019ultranationaliste Erdogan. <\/span><\/span><\/p>\n<p align=\"justify\"><span style=\"font-family: Calibri, sans-serif;\"><span style=\"font-size: small;\">Au Proche-Orient, les attaques terroristes des islamistes du Hamas ont sem\u00e9 l\u2019horreur parmi les civils isra\u00e9liens, hommes, femmes, vieillards, enfants, b\u00e9b\u00e9s. L\u2019offensive du gouvernement d\u2019extr\u00eame-droite de Netanyaou a pour cons\u00e9quence de tr\u00e8s nombreuses victimes civiles palestiniennes, prisonniers de la bande de Gaza. Il ne peut y avoir qu\u2019une solution politique \u00e0 cette crise sans pr\u00e9c\u00e9dent\u00a0: fin de la politique d\u2019annexion des territoires palestiniens, reconnaissance de l\u2019\u00c9tat palestinien au c\u00f4t\u00e9 de l\u2019\u00c9tat isra\u00e9lien selon les r\u00e9solutions de l\u2019ONU.<\/span><\/span><\/p>\n<p align=\"justify\"><span style=\"font-family: Calibri, sans-serif;\"><span style=\"font-size: small;\">Paix et Justice pour les peuples, voil\u00e0 ce qui anime notre action. <\/span><\/span><\/p>\n<p align=\"justify\"><span style=\"font-family: Calibri, sans-serif;\"><span style=\"font-size: small;\">Avec les progressistes palestiniens et isra\u00e9liens, avec toutes les forces d\u00e9mocratiques dans le monde, avec toutes celles et tous ceux qui sont attach\u00e9s dans notre pays au droit et \u00e0 la justice, faisons grandir le mouvement populaire pour la paix et justice.<\/span><\/span><\/p>\n<p align=\"justify\"><span style=\"font-family: Calibri, sans-serif;\"><span style=\"font-size: small;\">Oui, la paix et la justice, voil\u00e0 ce qui doit nous rassembler tous et toutes.<\/span><\/span><\/p>\n<p align=\"justify\"><span style=\"font-family: Calibri, sans-serif;\"><span style=\"font-size: small;\">Ensemble, mettons fin \u00e0 la guerre.<\/span><\/span><\/p>\n<p align=\"justify\"><span style=\"font-family: Calibri, sans-serif;\"><span style=\"font-size: small;\">La section de Charleville-M\u00e9zi\u00e8res vous donne rendez-vous pour un grand \u00e9v\u00e8nement pour la Paix le week-end des 4 et 5 novembre prochain au Forum, avenue Jean Jaur\u00e8s.<\/span><\/span><\/p>\n<p align=\"justify\"><span id=\"Cadre5\" dir=\"ltr\"><\/span><span style=\"font-family: Calibri, sans-serif;\"><span style=\"font-size: small;\">Samedi 4 novembre, ouverture des portes \u00e0 20h pour un concert avec en premi\u00e8re partie les Kipenska suivi de LaBess en trio\u00a0!<\/span><\/span><\/p>\n<p align=\"justify\"><a name=\"_GoBack\"><\/a> <span style=\"font-family: Calibri, sans-serif;\"><span style=\"font-size: small;\">Dimanche 5 Novembre\u00a0: Ouverture \u00e0 10H30. D\u00e9bat avec Alain ROUY, vice-pr\u00e9sident du Bureau International de la Paix (ONG internationale \u00e0 statut consultatif \u00e0 l\u2019ONU) et secr\u00e9taire national du Mouvement de la Paix, et Liliane REHBY, secr\u00e9taire nationale de l\u2019ARAC, association r\u00e9publicaine des anciens combattants, pour l\u2019amiti\u00e9, la solidarit\u00e9, la m\u00e9moire, l\u2019antifascisme et la Paix. Exposition de l\u2019ARAC sur les 150 ans d\u2019Henri Barbusse, communiste, journaliste, prix Nobel de litt\u00e9rature qui d\u00e9non\u00e7a les horreurs de la 1<sup>\u00e8re<\/sup> Guerre Mondiale, tenue de stands d\u2019organisations pour la Paix. \u00a0Buvette et brunch sur place.<\/span><\/span><\/p>\n<p align=\"right\"><span style=\"font-family: Calibri, sans-serif;\"><span style=\"font-size: small;\">Ir\u00e8ne PERRIN TOININ<\/span><\/span><\/p>\n<p align=\"right\"><span style=\"font-family: Calibri, sans-serif;\"><span style=\"font-size: small;\">Secr\u00e9taire de Section de Charleville-M\u00e9zi\u00e8res<\/span><\/span><\/p>\n","protected":false},"excerpt":{"rendered":"<p>\u00ab\u00a0Aujourd\u2019hui, l\u2019affirmation de la Paix est le plus grand des combats\u00a0\u00bb affirme Jean Jaur\u00e8s en janvier 1914. Le d\u00e9put\u00e9 et fondateur du journal L\u2019Humanit\u00e9 meurt assassin\u00e9 le 31 juillet 1914 au commencement de la premi\u00e8re guerre mondiale. A l\u2019heure o\u00f9 les conflits se multiplient \u00e0 travers le monde (environ 35 conflits actuellement dans le monde), [&hellip;]<\/p>\n","protected":false},"author":4,"featured_media":0,"comment_status":"closed","ping_status":"open","sticky":false,"template":"","format":"standard","meta":{"saved_in_kubio":false,"footnotes":""},"categories":[1],"tags":[],"class_list":["post-2557","post","type-post","status-publish","format-standard","hentry","category-non-classe"],"_links":{"self":[{"href":"https:\/\/pcf08.com\/index.php\/wp-json\/wp\/v2\/posts\/2557","targetHints":{"allow":["GET"]}}],"collection":[{"href":"https:\/\/pcf08.com\/index.php\/wp-json\/wp\/v2\/posts"}],"about":[{"href":"https:\/\/pcf08.com\/index.php\/wp-json\/wp\/v2\/types\/post"}],"author":[{"embeddable":true,"href":"https:\/\/pcf08.com\/index.php\/wp-json\/wp\/v2\/users\/4"}],"replies":[{"embeddable":true,"href":"https:\/\/pcf08.com\/index.php\/wp-json\/wp\/v2\/comments?post=2557"}],"version-history":[{"count":1,"href":"https:\/\/pcf08.com\/index.php\/wp-json\/wp\/v2\/posts\/2557\/revisions"}],"predecessor-version":[{"id":2558,"href":"https:\/\/pcf08.com\/index.php\/wp-json\/wp\/v2\/posts\/2557\/revisions\/2558"}],"wp:attachment":[{"href":"https:\/\/pcf08.com\/index.php\/wp-json\/wp\/v2\/media?parent=2557"}],"wp:term":[{"taxonomy":"category","embeddable":true,"href":"https:\/\/pcf08.com\/index.php\/wp-json\/wp\/v2\/categories?post=2557"},{"taxonomy":"post_tag","embeddable":true,"href":"https:\/\/pcf08.com\/index.php\/wp-json\/wp\/v2\/tags?post=2557"}],"curies":[{"name":"wp","href":"https:\/\/api.w.org\/{rel}","templated":true}]}}