{"id":2553,"date":"2023-10-27T12:40:39","date_gmt":"2023-10-27T10:40:39","guid":{"rendered":"http:\/\/pcf08.com\/?p=2553"},"modified":"2023-10-27T12:40:39","modified_gmt":"2023-10-27T10:40:39","slug":"justice-une-situation-ingerable","status":"publish","type":"post","link":"https:\/\/pcf08.com\/index.php\/2023\/10\/27\/justice-une-situation-ingerable\/","title":{"rendered":"Justice, une situation ing\u00e9rable"},"content":{"rendered":"<p align=\"justify\"><span style=\"font-family: Calibri, sans-serif;\"><span style=\"font-size: medium;\"><span style=\"color: #000000;\">Plusieurs \u00e9v\u00e9nements r\u00e9cents d\u00e9montrent la fragilit\u00e9 de l\u2019institution <\/span>judiciaire. C\u2019est particuli\u00e8rement vrai dans les Ardennes o\u00f9 un magistrat, victime d\u2019un surmenage professionnel, a tent\u00e9 de se suicider d\u00e9but juillet. A plusieurs reprises les magistrats ardennais ont tir\u00e9 le signal d\u2019alarme pour rendre publique la situation catastrophique dans notre d\u00e9partement.<\/span><\/span><\/p>\n<p align=\"justify\"><span style=\"font-family: Calibri, sans-serif;\"><span style=\"font-size: medium;\"><span style=\"color: #000000;\">Une <\/span>situation de sous-effectif n\u2019a jamais \u00e9t\u00e9 atteinte \u00e0 ce point l\u00e0. De l\u2019aveu m\u00eame du pr\u00e9sident du Tribunal seuls neuf magistrats exercent \u00e0 Charleville-M\u00e9zi\u00e8res sur les 19 n\u00e9cessaires pour un fonctionnement normal de la Justice. L\u2019impact sur le justiciable est r\u00e9el et les retards dans l\u2019instruction des dossiers sont p\u00e9nalisants. Il est rare que les professionnels de la Justice s\u2019expriment publiquement mais la situation est devenue quasiment ing\u00e9rable. Un sondage r\u00e9alis\u00e9 au plan national indique qu\u2019il y a 77% des fran\u00e7ais qui estiment que la Justice fonctionne mal. Le ministre \u00ab\u00a0Garde des Sceaux\u00a0\u00bb fait preuve de franchise. Dans une r\u00e9cente intervention il a d\u00e9clar\u00e9 que nous assistons \u00e0 \u00ab\u00a0d\u00e9labrement et \u00e0 une clochardisation de la justice fran\u00e7aise\u00a0\u00bb.<\/span><\/span><\/p>\n<p align=\"justify\"><span style=\"font-family: Calibri, sans-serif;\"><span style=\"font-size: medium;\"><span style=\"color: #000000;\">Cette crise ne touche pas uniquement l\u2019institution judiciaire, les prisons sont <\/span>surpeupl\u00e9es. Dans ce marasme carc\u00e9ral la situation carolomac\u00e9rienne appara\u00eet comme privil\u00e9gi\u00e9e. On y recense un taux moyen d\u2019occupation de 95%. Ce n\u2019est pas le cas dans les autres prisons de la r\u00e9gion. Dans la Marne \u00e0 Reims ce taux est de 133%. La construction d\u2019un centre p\u00e9nitentiaire de 180 places, envisag\u00e9 \u00e0 Donchery, est d\u2019une n\u00e9cessit\u00e9 absolue. <\/span><\/span><\/p>\n<p align=\"right\"><span style=\"color: #000000;\"> <span style=\"font-family: Calibri, sans-serif;\"><span style=\"font-size: medium;\">Sylvain DALLA ROSA<\/span><\/span><\/span><\/p>\n","protected":false},"excerpt":{"rendered":"<p>Plusieurs \u00e9v\u00e9nements r\u00e9cents d\u00e9montrent la fragilit\u00e9 de l\u2019institution judiciaire. C\u2019est particuli\u00e8rement vrai dans les Ardennes o\u00f9 un magistrat, victime d\u2019un surmenage professionnel, a tent\u00e9 de se suicider d\u00e9but juillet. A plusieurs reprises les magistrats ardennais ont tir\u00e9 le signal d\u2019alarme pour rendre publique la situation catastrophique dans notre d\u00e9partement. Une situation de sous-effectif n\u2019a jamais [&hellip;]<\/p>\n","protected":false},"author":4,"featured_media":0,"comment_status":"closed","ping_status":"open","sticky":false,"template":"","format":"standard","meta":{"saved_in_kubio":false,"footnotes":""},"categories":[1],"tags":[],"class_list":["post-2553","post","type-post","status-publish","format-standard","hentry","category-non-classe"],"_links":{"self":[{"href":"https:\/\/pcf08.com\/index.php\/wp-json\/wp\/v2\/posts\/2553","targetHints":{"allow":["GET"]}}],"collection":[{"href":"https:\/\/pcf08.com\/index.php\/wp-json\/wp\/v2\/posts"}],"about":[{"href":"https:\/\/pcf08.com\/index.php\/wp-json\/wp\/v2\/types\/post"}],"author":[{"embeddable":true,"href":"https:\/\/pcf08.com\/index.php\/wp-json\/wp\/v2\/users\/4"}],"replies":[{"embeddable":true,"href":"https:\/\/pcf08.com\/index.php\/wp-json\/wp\/v2\/comments?post=2553"}],"version-history":[{"count":1,"href":"https:\/\/pcf08.com\/index.php\/wp-json\/wp\/v2\/posts\/2553\/revisions"}],"predecessor-version":[{"id":2554,"href":"https:\/\/pcf08.com\/index.php\/wp-json\/wp\/v2\/posts\/2553\/revisions\/2554"}],"wp:attachment":[{"href":"https:\/\/pcf08.com\/index.php\/wp-json\/wp\/v2\/media?parent=2553"}],"wp:term":[{"taxonomy":"category","embeddable":true,"href":"https:\/\/pcf08.com\/index.php\/wp-json\/wp\/v2\/categories?post=2553"},{"taxonomy":"post_tag","embeddable":true,"href":"https:\/\/pcf08.com\/index.php\/wp-json\/wp\/v2\/tags?post=2553"}],"curies":[{"name":"wp","href":"https:\/\/api.w.org\/{rel}","templated":true}]}}