{"id":2550,"date":"2023-10-27T12:39:11","date_gmt":"2023-10-27T10:39:11","guid":{"rendered":"http:\/\/pcf08.com\/?p=2550"},"modified":"2023-10-27T12:39:11","modified_gmt":"2023-10-27T10:39:11","slug":"hommage-a-rene-visse","status":"publish","type":"post","link":"https:\/\/pcf08.com\/index.php\/2023\/10\/27\/hommage-a-rene-visse\/","title":{"rendered":"Hommage \u00e0 Ren\u00e9 VISSE"},"content":{"rendered":"<p align=\"justify\"><span style=\"font-family: Calibri, sans-serif;\"><span style=\"font-size: medium;\"><span style=\"color: #000000;\"><img loading=\"lazy\" decoding=\"async\" class=\"size-medium wp-image-2551 alignleft\" src=\"https:\/\/pcf08.com\/wp-content\/uploads\/2023\/10\/visse-300x225.jpg\" alt=\"\" width=\"300\" height=\"225\" srcset=\"https:\/\/pcf08.com\/wp-content\/uploads\/2023\/10\/visse-300x225.jpg 300w, https:\/\/pcf08.com\/wp-content\/uploads\/2023\/10\/visse-1024x768.jpg 1024w, https:\/\/pcf08.com\/wp-content\/uploads\/2023\/10\/visse-768x576.jpg 768w, https:\/\/pcf08.com\/wp-content\/uploads\/2023\/10\/visse.jpg 1080w\" sizes=\"(max-width: 300px) 100vw, 300px\" \/>Nombreux sont ceux qui se souviennent d\u2019avoir c\u00f4toy\u00e9 Ren\u00e9 VISSE dans l\u2019activit\u00e9 militante du PCF ou dans ses responsabilit\u00e9s \u00e9lectives. Secr\u00e9taire f\u00e9d\u00e9ral en 1965 il anima la vie du PCF ardennais jusqu\u2019en 1978. C\u2019est \u00e0 cette date, avec Alain LEGER, qu\u2019il fut \u00e9lu d\u00e9put\u00e9 dans la Vall\u00e9e de la Meuse. A partir de l\u00e0 il occupa plusieurs mandats d\u2019\u00e9lu. C\u2019est celui de conseiller g\u00e9n\u00e9ral du canton de Montherm\u00e9, au service de la population, qui le passionnait le plus. Il d\u00e9c\u00e8de le 18 f\u00e9vrier 2020.<\/span><\/span><\/span><\/p>\n<p align=\"justify\"><span id=\"Cadre5\" dir=\"ltr\"><\/span><span style=\"font-family: Calibri, sans-serif;\"><span style=\"font-size: medium;\"><span style=\"color: #000000;\">Pascal Lattuada, artiste peintre qui effectue des tableaux de personnalit\u00e9s ardennaises, vient de lui rendre hommage en r\u00e9alisant son portrait. Cette d\u00e9marche met en valeur le militant, le dirigeant communiste et ses fonctions d\u2019\u00e9lu. C&rsquo;est<\/span><\/span><\/span><span style=\"font-family: Calibri, sans-serif;\"><span style=\"font-size: medium;\"><span style=\"color: #000000;\">\u00a0Sandrine Visse qui a re\u00e7u l&rsquo;\u0153uvre, ce 11 octobre, \u00e0 l\u2019issue d\u2019une assembl\u00e9e g\u00e9n\u00e9rale du PCF 08. <\/span><\/span><\/span><\/p>\n","protected":false},"excerpt":{"rendered":"<p>Nombreux sont ceux qui se souviennent d\u2019avoir c\u00f4toy\u00e9 Ren\u00e9 VISSE dans l\u2019activit\u00e9 militante du PCF ou dans ses responsabilit\u00e9s \u00e9lectives. Secr\u00e9taire f\u00e9d\u00e9ral en 1965 il anima la vie du PCF ardennais jusqu\u2019en 1978. C\u2019est \u00e0 cette date, avec Alain LEGER, qu\u2019il fut \u00e9lu d\u00e9put\u00e9 dans la Vall\u00e9e de la Meuse. A partir de l\u00e0 il [&hellip;]<\/p>\n","protected":false},"author":4,"featured_media":0,"comment_status":"closed","ping_status":"open","sticky":false,"template":"","format":"standard","meta":{"saved_in_kubio":false,"footnotes":""},"categories":[1],"tags":[],"class_list":["post-2550","post","type-post","status-publish","format-standard","hentry","category-non-classe"],"_links":{"self":[{"href":"https:\/\/pcf08.com\/index.php\/wp-json\/wp\/v2\/posts\/2550","targetHints":{"allow":["GET"]}}],"collection":[{"href":"https:\/\/pcf08.com\/index.php\/wp-json\/wp\/v2\/posts"}],"about":[{"href":"https:\/\/pcf08.com\/index.php\/wp-json\/wp\/v2\/types\/post"}],"author":[{"embeddable":true,"href":"https:\/\/pcf08.com\/index.php\/wp-json\/wp\/v2\/users\/4"}],"replies":[{"embeddable":true,"href":"https:\/\/pcf08.com\/index.php\/wp-json\/wp\/v2\/comments?post=2550"}],"version-history":[{"count":1,"href":"https:\/\/pcf08.com\/index.php\/wp-json\/wp\/v2\/posts\/2550\/revisions"}],"predecessor-version":[{"id":2552,"href":"https:\/\/pcf08.com\/index.php\/wp-json\/wp\/v2\/posts\/2550\/revisions\/2552"}],"wp:attachment":[{"href":"https:\/\/pcf08.com\/index.php\/wp-json\/wp\/v2\/media?parent=2550"}],"wp:term":[{"taxonomy":"category","embeddable":true,"href":"https:\/\/pcf08.com\/index.php\/wp-json\/wp\/v2\/categories?post=2550"},{"taxonomy":"post_tag","embeddable":true,"href":"https:\/\/pcf08.com\/index.php\/wp-json\/wp\/v2\/tags?post=2550"}],"curies":[{"name":"wp","href":"https:\/\/api.w.org\/{rel}","templated":true}]}}