{"id":2509,"date":"2023-09-21T15:09:17","date_gmt":"2023-09-21T13:09:17","guid":{"rendered":"http:\/\/pcf08.com\/?p=2509"},"modified":"2023-09-21T15:09:17","modified_gmt":"2023-09-21T13:09:17","slug":"la-grande-distribution-se-restructure","status":"publish","type":"post","link":"https:\/\/pcf08.com\/index.php\/2023\/09\/21\/la-grande-distribution-se-restructure\/","title":{"rendered":"La grande distribution se restructure"},"content":{"rendered":"<p align=\"justify\"><span style=\"font-family: Calibri, sans-serif;\">Une restructuration de forte ampleur est en train de toucher toutes les marques de la grande distribution. En 2020 nous avons assist\u00e9 au mariage de CONFORAMA et de BUT. Fusionn\u00e9s ces deux principaux vendeurs de meubles p\u00e8sent \u00e0 eux seuls pr\u00e9s de 3 milliards d\u2019euros de chiffre d\u2019affaire. Cette fusion permettra au nouveau groupe ainsi constitu\u00e9 de passer devant IKEA. Ce sont au total plus de 1500 salari\u00e9s qui \u00e9taient concern\u00e9s en France. Deux magasins, BUT \u00e0 Villers Semeuse et CONFORAMA, sont implant\u00e9s localement. Dans un premier temps les rumeurs les plus inqui\u00e9tantes circulaient concernant l\u2019emploi. La fusion avec suppression d\u2019un des deux magasins carolomac\u00e9riens \u00e9tait m\u00eame \u00e9voqu\u00e9e. Aujourd\u2019hui la situation semble stabilis\u00e9e. <\/span><\/p>\n<p align=\"justify\"><span style=\"font-family: Calibri, sans-serif;\">Il y a 1 an c\u2019\u00e9tait la marque CAMA\u00cfEU qui se trouvait dans la tourmente. Derni\u00e8re enseigne touch\u00e9e par une restructuration il s\u2019agit de CASINO. Tr\u00e8s endett\u00e9 le groupe conna\u00eet des difficult\u00e9s inqui\u00e9tantes. C\u2019est le milliardaire tch\u00e8que D. KRETINSKY qui est officiellement le repreneur de CASINO (une enseigne \u00e0 Charleville). Dans la corbeille on trouve des magasins qui ont une notori\u00e9t\u00e9 (MONOPRIX ou CD. DISCOUNT). Le magnat prendra la main d\u00e9but 2024. Si CARREFOUR et CORA ne semblent pas concern\u00e9s dans l\u2019imm\u00e9diat il est \u00e0 redouter que les restructurations auxquelles nous assistons laissent des traces dans toutes les grandes enseignes. Ainsi CARREFOUR annonce le rachat en 2024 des enseignes CORA et MATCH.<\/span><\/p>\n<p align=\"justify\"><span style=\"font-family: Calibri, sans-serif;\">Toutes ces situations interviennent \u00e0 un moment o\u00f9 le syndicat CGT craint des coupes sombres dans l\u2019emploi. Surtout qu\u2019on assiste \u00e0 une automatisation de plus en plus forte dans les grandes surfaces et particuli\u00e8rement aux caisses. Les collectivit\u00e9s devraient y regarder en deux fois quand elles autorisent le travail du dimanche.<\/span><\/p>\n<p align=\"justify\"><span style=\"font-family: Calibri, sans-serif;\"> Sylvain DALLA ROSA<\/span><\/p>\n","protected":false},"excerpt":{"rendered":"<p>Une restructuration de forte ampleur est en train de toucher toutes les marques de la grande distribution. En 2020 nous avons assist\u00e9 au mariage de CONFORAMA et de BUT. Fusionn\u00e9s ces deux principaux vendeurs de meubles p\u00e8sent \u00e0 eux seuls pr\u00e9s de 3 milliards d\u2019euros de chiffre d\u2019affaire. Cette fusion permettra au nouveau groupe ainsi [&hellip;]<\/p>\n","protected":false},"author":4,"featured_media":0,"comment_status":"closed","ping_status":"open","sticky":false,"template":"","format":"standard","meta":{"saved_in_kubio":false,"footnotes":""},"categories":[1],"tags":[],"class_list":["post-2509","post","type-post","status-publish","format-standard","hentry","category-non-classe"],"_links":{"self":[{"href":"https:\/\/pcf08.com\/index.php\/wp-json\/wp\/v2\/posts\/2509","targetHints":{"allow":["GET"]}}],"collection":[{"href":"https:\/\/pcf08.com\/index.php\/wp-json\/wp\/v2\/posts"}],"about":[{"href":"https:\/\/pcf08.com\/index.php\/wp-json\/wp\/v2\/types\/post"}],"author":[{"embeddable":true,"href":"https:\/\/pcf08.com\/index.php\/wp-json\/wp\/v2\/users\/4"}],"replies":[{"embeddable":true,"href":"https:\/\/pcf08.com\/index.php\/wp-json\/wp\/v2\/comments?post=2509"}],"version-history":[{"count":1,"href":"https:\/\/pcf08.com\/index.php\/wp-json\/wp\/v2\/posts\/2509\/revisions"}],"predecessor-version":[{"id":2510,"href":"https:\/\/pcf08.com\/index.php\/wp-json\/wp\/v2\/posts\/2509\/revisions\/2510"}],"wp:attachment":[{"href":"https:\/\/pcf08.com\/index.php\/wp-json\/wp\/v2\/media?parent=2509"}],"wp:term":[{"taxonomy":"category","embeddable":true,"href":"https:\/\/pcf08.com\/index.php\/wp-json\/wp\/v2\/categories?post=2509"},{"taxonomy":"post_tag","embeddable":true,"href":"https:\/\/pcf08.com\/index.php\/wp-json\/wp\/v2\/tags?post=2509"}],"curies":[{"name":"wp","href":"https:\/\/api.w.org\/{rel}","templated":true}]}}