{"id":2506,"date":"2023-09-21T15:08:07","date_gmt":"2023-09-21T13:08:07","guid":{"rendered":"http:\/\/pcf08.com\/?p=2506"},"modified":"2023-09-21T15:08:07","modified_gmt":"2023-09-21T13:08:07","slug":"de-retour-de-la-fete-de-lhumanite","status":"publish","type":"post","link":"https:\/\/pcf08.com\/index.php\/2023\/09\/21\/de-retour-de-la-fete-de-lhumanite\/","title":{"rendered":"De retour de la f\u00eate de l\u2019Humanit\u00e9"},"content":{"rendered":"<p align=\"justify\"><span style=\"font-family: Calibri, sans-serif;\"><img loading=\"lazy\" decoding=\"async\" class=\"size-medium wp-image-2507 alignleft\" src=\"https:\/\/pcf08.com\/wp-content\/uploads\/2023\/09\/huma-1-300x170.jpg\" alt=\"\" width=\"300\" height=\"170\" srcset=\"https:\/\/pcf08.com\/wp-content\/uploads\/2023\/09\/huma-1-300x170.jpg 300w, https:\/\/pcf08.com\/wp-content\/uploads\/2023\/09\/huma-1-768x435.jpg 768w, https:\/\/pcf08.com\/wp-content\/uploads\/2023\/09\/huma-1.jpg 800w\" sizes=\"(max-width: 300px) 100vw, 300px\" \/>Le week-end dernier se tenait la f\u00eate de l&rsquo;Humanit\u00e9 au Plessis-P\u00e2t\u00e9 dans l&rsquo;Essonne, avec plus de 430 000 participants. Une \u00e9quipe de militants communistes ardennais \u00e9tait mobilis\u00e9e pour la bonne tenue du stand\u00a0: plusieurs semaines de pr\u00e9paration en amont, la pr\u00e9sence sur place une semaine avant pour le montage et l&rsquo;organisation, et le renfort de l&rsquo;\u00e9quipe pendant les 3 jours pour accueillir les centaines de personnes de passage sur le stand du PCF des Ardennes. Au menu, cacasse, frites maison, bi\u00e8res ardennaises et p\u00e2t\u00e9 cro\u00fbte. Pour une petite pause, les militants ont appr\u00e9ci\u00e9 le passage devant le stand des musiciens ardennais du groupe Funky Jazz Band.<\/span><\/p>\n<p align=\"justify\"><span style=\"font-family: Calibri, sans-serif;\"> Les militants communistes \u00e9taient ravis d&rsquo;accueillir \u00e0 leur f\u00eate toutes les forces de gauche pour des d\u00e9bats et des \u00e9changes contradictoires. C&rsquo;\u00e9tait aussi l&rsquo;accueil de personnalit\u00e9s internationales comme Chris Smalls, syndicaliste des USA qui a fait pli\u00e9 Amazon. Il a \u00e9t\u00e9 mis \u00e0 l&rsquo;honneur par Fabien Roussel lors du meeting au stand national du PCF du samedi. Mais la f\u00eate, ce sont aussi des hommages comme celui consacr\u00e9 aux r\u00e9sistants de la FTP-MOI (main d&rsquo;\u0153uvre immigr\u00e9e) Missak et M\u00e9lin\u00e9e Manouchian le vendredi apr\u00e8s-midi en pr\u00e9sence de l&rsquo;ambassadrice d&rsquo;Arm\u00e9nie Hasmik Tolmajian, du s\u00e9nateur communiste Pierre Ouzoulias et des historiens Serge Wolikow et Guillaume Roubaud-Quashie, des conf\u00e9rences scientifiques comme celle sur l&rsquo;intelligence artificielle \u00e0 l&rsquo;espace Sciences et Num\u00e9rique en pr\u00e9sence des scientifiques C\u00e9dric Villani, Justine Lupima et Ivan Lavall\u00e9e, ou d&rsquo;expositions comme celle sur \u00ab\u00a0les sciences et les techniques au f\u00e9minin\u00a0\u00bb inaugur\u00e9e par Sophie Binet, secr\u00e9taire nationale de la CGT et H\u00e9l\u00e8ne Langevin-Joliot, physicienne. <\/span><\/p>\n<p align=\"justify\"><span style=\"font-family: Calibri, sans-serif;\"> C&rsquo;\u00e9tait aussi cette exposition consacr\u00e9e aux \u0153uvres de Pablo Picasso dans les Lettres Fran\u00e7aises en regard avec les \u00e9crits de Louis Aragon\u00a0: l&rsquo;exigence de la Paix a marqu\u00e9 le public par les \u0153uvres pr\u00e9sent\u00e9es. Cela est d&rsquo;autant plus pr\u00e9gnant avec la date prochaine du 21 septembre, journ\u00e9e internationale de la Paix, qui trouvera une suite dans les Ardennes avec l&rsquo;organisation par les communistes ardennais d&rsquo;un week-end pour la Paix les 4 et 5 novembre prochains au Forum.<\/span><\/p>\n<p align=\"justify\"><span id=\"Cadre5\" dir=\"ltr\"><\/span><span style=\"font-family: Calibri, sans-serif;\"> De retour \u00e0 Charleville, nous avons le bonheur de participer pleinement au Festival international des Marionnettes, avec le IN et ses spectacles o\u00f9 l&rsquo;on retrouve l&rsquo;excellence d&rsquo;artistes venus du monde entier et le OFF, avec un programme riche comme celui concoct\u00e9 par la CGT \u00e0 la Bourse du Travail. De la f\u00eate de l&rsquo;Huma au festival des Marionnettes, je pense aux propos du ministre de la culture communiste, Jack Ralite, disparu en 2017\u00a0: \u00ab\u00a0la culture est un droit et un bonheur\u00a0\u00bb.<\/span><\/p>\n<p align=\"right\"><span style=\"color: #000000;\"><span style=\"font-family: Calibri, sans-serif;\"><span style=\"font-size: small;\">Ir\u00e8ne PERRIN TOININ<\/span><\/span><\/span><\/p>\n","protected":false},"excerpt":{"rendered":"<p>Le week-end dernier se tenait la f\u00eate de l&rsquo;Humanit\u00e9 au Plessis-P\u00e2t\u00e9 dans l&rsquo;Essonne, avec plus de 430 000 participants. Une \u00e9quipe de militants communistes ardennais \u00e9tait mobilis\u00e9e pour la bonne tenue du stand\u00a0: plusieurs semaines de pr\u00e9paration en amont, la pr\u00e9sence sur place une semaine avant pour le montage et l&rsquo;organisation, et le renfort de [&hellip;]<\/p>\n","protected":false},"author":4,"featured_media":0,"comment_status":"closed","ping_status":"open","sticky":false,"template":"","format":"standard","meta":{"saved_in_kubio":false,"footnotes":""},"categories":[1],"tags":[],"class_list":["post-2506","post","type-post","status-publish","format-standard","hentry","category-non-classe"],"_links":{"self":[{"href":"https:\/\/pcf08.com\/index.php\/wp-json\/wp\/v2\/posts\/2506","targetHints":{"allow":["GET"]}}],"collection":[{"href":"https:\/\/pcf08.com\/index.php\/wp-json\/wp\/v2\/posts"}],"about":[{"href":"https:\/\/pcf08.com\/index.php\/wp-json\/wp\/v2\/types\/post"}],"author":[{"embeddable":true,"href":"https:\/\/pcf08.com\/index.php\/wp-json\/wp\/v2\/users\/4"}],"replies":[{"embeddable":true,"href":"https:\/\/pcf08.com\/index.php\/wp-json\/wp\/v2\/comments?post=2506"}],"version-history":[{"count":1,"href":"https:\/\/pcf08.com\/index.php\/wp-json\/wp\/v2\/posts\/2506\/revisions"}],"predecessor-version":[{"id":2508,"href":"https:\/\/pcf08.com\/index.php\/wp-json\/wp\/v2\/posts\/2506\/revisions\/2508"}],"wp:attachment":[{"href":"https:\/\/pcf08.com\/index.php\/wp-json\/wp\/v2\/media?parent=2506"}],"wp:term":[{"taxonomy":"category","embeddable":true,"href":"https:\/\/pcf08.com\/index.php\/wp-json\/wp\/v2\/categories?post=2506"},{"taxonomy":"post_tag","embeddable":true,"href":"https:\/\/pcf08.com\/index.php\/wp-json\/wp\/v2\/tags?post=2506"}],"curies":[{"name":"wp","href":"https:\/\/api.w.org\/{rel}","templated":true}]}}