{"id":2502,"date":"2023-09-15T15:31:30","date_gmt":"2023-09-15T13:31:30","guid":{"rendered":"http:\/\/pcf08.com\/?p=2502"},"modified":"2023-09-15T15:31:30","modified_gmt":"2023-09-15T13:31:30","slug":"solidarite-avec-le-peuple-marocain","status":"publish","type":"post","link":"https:\/\/pcf08.com\/index.php\/2023\/09\/15\/solidarite-avec-le-peuple-marocain\/","title":{"rendered":"Solidarit\u00e9 avec le peuple marocain"},"content":{"rendered":"<p align=\"justify\"><span style=\"font-family: Calibri, sans-serif;\"><span style=\"font-size: small;\"><img loading=\"lazy\" decoding=\"async\" class=\"size-medium wp-image-2503 alignleft\" src=\"https:\/\/pcf08.com\/wp-content\/uploads\/2023\/09\/secourspopulaire-300x115.jpg\" alt=\"\" width=\"300\" height=\"115\" srcset=\"https:\/\/pcf08.com\/wp-content\/uploads\/2023\/09\/secourspopulaire-300x115.jpg 300w, https:\/\/pcf08.com\/wp-content\/uploads\/2023\/09\/secourspopulaire-1024x392.jpg 1024w, https:\/\/pcf08.com\/wp-content\/uploads\/2023\/09\/secourspopulaire-768x294.jpg 768w, https:\/\/pcf08.com\/wp-content\/uploads\/2023\/09\/secourspopulaire-1536x588.jpg 1536w, https:\/\/pcf08.com\/wp-content\/uploads\/2023\/09\/secourspopulaire.jpg 1640w\" sizes=\"(max-width: 300px) 100vw, 300px\" \/>Le PCF apporte toute sa solidarit\u00e9 au peuple marocain victime d&rsquo;un terrible tremblement de terre.<\/span><\/span><\/p>\n<p align=\"justify\"><span style=\"font-family: Calibri, sans-serif;\"><span style=\"font-size: small;\">Sollicit\u00e9s sur le march\u00e9 de la Ronde Couture o\u00f9 ils \u00e9taient pr\u00e9sents pour distribuer un tract sur la rentr\u00e9s scolaire, les militants communistes ont \u00e9videmment r\u00e9pondu pr\u00e9sents \u00e0 la proposition de l&rsquo;association marocaine de participer \u00e0 l&rsquo;initiative avec la presse, d&rsquo;appel \u00e0 la solidarit\u00e9.<\/span><\/span><\/p>\n<p align=\"justify\"><span style=\"font-family: Calibri, sans-serif;\"><span style=\"font-size: small;\">Ils ont rappel\u00e9 la solidarit\u00e9 du PCF, l&rsquo;habitude du PCF de travailler avec le Secours Populaire Fran\u00e7ais qui a d\u00e9j\u00e0 d\u00e9bloqu\u00e9 50 000\u20ac de son fonds d\u2019urgence et dispose d&rsquo;un vaste r\u00e9seau euro-m\u00e9diterran\u00e9en ayant ensemble l&rsquo;exp\u00e9rience d&rsquo;interventions concr\u00e8tes dans ces catastrophes. Le SPF a bien sur lanc\u00e9 un appel aux dons.<\/span><\/span><\/p>\n<p align=\"justify\"><span style=\"font-family: Calibri, sans-serif;\"><span style=\"font-size: small;\">Les organisateurs ont regrett\u00e9 l&rsquo;absence du maire ou de sa premi\u00e8re adjointe, pourtant sollicit\u00e9s.<\/span><\/span><\/p>\n","protected":false},"excerpt":{"rendered":"<p>Le PCF apporte toute sa solidarit\u00e9 au peuple marocain victime d&rsquo;un terrible tremblement de terre. Sollicit\u00e9s sur le march\u00e9 de la Ronde Couture o\u00f9 ils \u00e9taient pr\u00e9sents pour distribuer un tract sur la rentr\u00e9s scolaire, les militants communistes ont \u00e9videmment r\u00e9pondu pr\u00e9sents \u00e0 la proposition de l&rsquo;association marocaine de participer \u00e0 l&rsquo;initiative avec la presse, [&hellip;]<\/p>\n","protected":false},"author":4,"featured_media":0,"comment_status":"closed","ping_status":"open","sticky":false,"template":"","format":"standard","meta":{"saved_in_kubio":false,"footnotes":""},"categories":[1],"tags":[],"class_list":["post-2502","post","type-post","status-publish","format-standard","hentry","category-non-classe"],"_links":{"self":[{"href":"https:\/\/pcf08.com\/index.php\/wp-json\/wp\/v2\/posts\/2502","targetHints":{"allow":["GET"]}}],"collection":[{"href":"https:\/\/pcf08.com\/index.php\/wp-json\/wp\/v2\/posts"}],"about":[{"href":"https:\/\/pcf08.com\/index.php\/wp-json\/wp\/v2\/types\/post"}],"author":[{"embeddable":true,"href":"https:\/\/pcf08.com\/index.php\/wp-json\/wp\/v2\/users\/4"}],"replies":[{"embeddable":true,"href":"https:\/\/pcf08.com\/index.php\/wp-json\/wp\/v2\/comments?post=2502"}],"version-history":[{"count":1,"href":"https:\/\/pcf08.com\/index.php\/wp-json\/wp\/v2\/posts\/2502\/revisions"}],"predecessor-version":[{"id":2504,"href":"https:\/\/pcf08.com\/index.php\/wp-json\/wp\/v2\/posts\/2502\/revisions\/2504"}],"wp:attachment":[{"href":"https:\/\/pcf08.com\/index.php\/wp-json\/wp\/v2\/media?parent=2502"}],"wp:term":[{"taxonomy":"category","embeddable":true,"href":"https:\/\/pcf08.com\/index.php\/wp-json\/wp\/v2\/categories?post=2502"},{"taxonomy":"post_tag","embeddable":true,"href":"https:\/\/pcf08.com\/index.php\/wp-json\/wp\/v2\/tags?post=2502"}],"curies":[{"name":"wp","href":"https:\/\/api.w.org\/{rel}","templated":true}]}}