{"id":2499,"date":"2023-09-15T15:29:49","date_gmt":"2023-09-15T13:29:49","guid":{"rendered":"http:\/\/pcf08.com\/?p=2499"},"modified":"2023-09-15T15:29:49","modified_gmt":"2023-09-15T13:29:49","slug":"la-convocation-de-la-honte","status":"publish","type":"post","link":"https:\/\/pcf08.com\/index.php\/2023\/09\/15\/la-convocation-de-la-honte\/","title":{"rendered":"La convocation de la honte\u00a0!"},"content":{"rendered":"<p align=\"justify\"><span style=\"font-family: Calibri, sans-serif;\"><span style=\"font-size: small;\"><img loading=\"lazy\" decoding=\"async\" class=\"size-medium wp-image-2500 alignright\" src=\"https:\/\/pcf08.com\/wp-content\/uploads\/2023\/09\/montmorency-avac-Fabien-Gay-1-300x193.jpg\" alt=\"\" width=\"300\" height=\"193\" srcset=\"https:\/\/pcf08.com\/wp-content\/uploads\/2023\/09\/montmorency-avac-Fabien-Gay-1-300x193.jpg 300w, https:\/\/pcf08.com\/wp-content\/uploads\/2023\/09\/montmorency-avac-Fabien-Gay-1-1024x658.jpg 1024w, https:\/\/pcf08.com\/wp-content\/uploads\/2023\/09\/montmorency-avac-Fabien-Gay-1-768x494.jpg 768w, https:\/\/pcf08.com\/wp-content\/uploads\/2023\/09\/montmorency-avac-Fabien-Gay-1.jpg 1080w\" sizes=\"(max-width: 300px) 100vw, 300px\" \/>Organis\u00e9es par le pouvoir capitaliste, les convocations en gendarmerie et les proc\u00e9dures disciplinaires se multiplient sur tout le territoire \u00e0 l\u2019encontre de la CGT et de ses militants \u00e0 l\u2019image de S\u00e9bastien Menesplier, secr\u00e9taire g\u00e9n\u00e9ral de la FNME-CGT et membre du bureau conf\u00e9d\u00e9ral de l\u2019organisation.<\/span><\/span><\/p>\n<p align=\"justify\"><span style=\"font-family: Calibri, sans-serif;\"><span style=\"font-size: small;\">Le gouvernement semble vouloir \u00ab\u00a0faire la peau\u00a0\u00bb des organisations syndicales, notamment de la CGT.<\/span><\/span><\/p>\n<p align=\"justify\"><span style=\"font-family: Calibri, sans-serif;\"><span style=\"font-size: small;\">Personne n\u2019est \u00e9pargn\u00e9 par le pouvoir de la Macronie voulant faire des exemples.<\/span><\/span><\/p>\n<p align=\"justify\"><span style=\"font-family: Calibri, sans-serif;\"><span style=\"font-size: small;\">Un ex\u00e9cutif revanchard, une strat\u00e9gie r\u00e9pressive et abusive, inacceptable et dangereuse pour les libert\u00e9s syndicales et les droits fondamentaux.<\/span><\/span><\/p>\n<p align=\"justify\"><span style=\"font-family: Calibri, sans-serif;\"><span style=\"font-size: small;\">Heureusement, la solidarit\u00e9 est bien pr\u00e9sente \u00e0 l\u2019image du rassemblement du 6 septembre \u00e0 Montmorency en soutien \u00e0 S\u00e9bastien.<\/span><\/span><\/p>\n<p align=\"justify\"><span style=\"font-family: Calibri, sans-serif;\"><span style=\"font-size: small;\">Travailleurs, retrait\u00e9s, syndicalistes et personnalit\u00e9s politiques dont le PCF repr\u00e9sent\u00e9 par Ian Brossat et L\u00e9on Deffontaines \u00e9taient pr\u00e9sents ainsi que Fabien Gay, directeur de l\u2019humanit\u00e9, qui a pris la parole pour exprimer le soutien plein et entier de tous les communistes.<\/span><\/span><\/p>\n<p align=\"justify\"><span style=\"font-family: Calibri, sans-serif;\"><span style=\"font-size: small;\">La CGT est bien d\u00e9cid\u00e9e \u00e0 na pas courber l\u2019\u00e9chine et ne c\u00e9dera pas \u00e0 tous types d\u2019intimidation voulus par le gouvernement et ses serviteurs.<\/span><\/span><\/p>\n<p align=\"justify\"><span style=\"font-family: Calibri, sans-serif;\"><span style=\"font-size: small;\">Les communistes seront toujours pr\u00e9sents.<\/span><\/span><\/p>\n<p align=\"right\"><span style=\"font-family: Calibri, sans-serif;\"><span style=\"font-size: small;\"> Corine POSTAL<\/span><\/span><\/p>\n","protected":false},"excerpt":{"rendered":"<p>Organis\u00e9es par le pouvoir capitaliste, les convocations en gendarmerie et les proc\u00e9dures disciplinaires se multiplient sur tout le territoire \u00e0 l\u2019encontre de la CGT et de ses militants \u00e0 l\u2019image de S\u00e9bastien Menesplier, secr\u00e9taire g\u00e9n\u00e9ral de la FNME-CGT et membre du bureau conf\u00e9d\u00e9ral de l\u2019organisation. Le gouvernement semble vouloir \u00ab\u00a0faire la peau\u00a0\u00bb des organisations syndicales, [&hellip;]<\/p>\n","protected":false},"author":4,"featured_media":0,"comment_status":"closed","ping_status":"open","sticky":false,"template":"","format":"standard","meta":{"saved_in_kubio":false,"footnotes":""},"categories":[1],"tags":[],"class_list":["post-2499","post","type-post","status-publish","format-standard","hentry","category-non-classe"],"_links":{"self":[{"href":"https:\/\/pcf08.com\/index.php\/wp-json\/wp\/v2\/posts\/2499","targetHints":{"allow":["GET"]}}],"collection":[{"href":"https:\/\/pcf08.com\/index.php\/wp-json\/wp\/v2\/posts"}],"about":[{"href":"https:\/\/pcf08.com\/index.php\/wp-json\/wp\/v2\/types\/post"}],"author":[{"embeddable":true,"href":"https:\/\/pcf08.com\/index.php\/wp-json\/wp\/v2\/users\/4"}],"replies":[{"embeddable":true,"href":"https:\/\/pcf08.com\/index.php\/wp-json\/wp\/v2\/comments?post=2499"}],"version-history":[{"count":1,"href":"https:\/\/pcf08.com\/index.php\/wp-json\/wp\/v2\/posts\/2499\/revisions"}],"predecessor-version":[{"id":2501,"href":"https:\/\/pcf08.com\/index.php\/wp-json\/wp\/v2\/posts\/2499\/revisions\/2501"}],"wp:attachment":[{"href":"https:\/\/pcf08.com\/index.php\/wp-json\/wp\/v2\/media?parent=2499"}],"wp:term":[{"taxonomy":"category","embeddable":true,"href":"https:\/\/pcf08.com\/index.php\/wp-json\/wp\/v2\/categories?post=2499"},{"taxonomy":"post_tag","embeddable":true,"href":"https:\/\/pcf08.com\/index.php\/wp-json\/wp\/v2\/tags?post=2499"}],"curies":[{"name":"wp","href":"https:\/\/api.w.org\/{rel}","templated":true}]}}