{"id":2496,"date":"2023-09-15T15:28:16","date_gmt":"2023-09-15T13:28:16","guid":{"rendered":"http:\/\/pcf08.com\/?p=2496"},"modified":"2023-09-15T15:28:16","modified_gmt":"2023-09-15T13:28:16","slug":"une-urgence-augmenter-les-ressources-de-la-securite-sociale","status":"publish","type":"post","link":"https:\/\/pcf08.com\/index.php\/2023\/09\/15\/une-urgence-augmenter-les-ressources-de-la-securite-sociale\/","title":{"rendered":"Une urgence\u00a0: augmenter les ressources de la S\u00e9curit\u00e9 Sociale"},"content":{"rendered":"<p align=\"justify\"><span style=\"font-family: Calibri, sans-serif;\"><span style=\"font-size: small;\"><img loading=\"lazy\" decoding=\"async\" class=\"size-medium wp-image-2497 alignleft\" src=\"https:\/\/pcf08.com\/wp-content\/uploads\/2023\/09\/secu-pour-NDA-300x111.jpg\" alt=\"\" width=\"300\" height=\"111\" srcset=\"https:\/\/pcf08.com\/wp-content\/uploads\/2023\/09\/secu-pour-NDA-300x111.jpg 300w, https:\/\/pcf08.com\/wp-content\/uploads\/2023\/09\/secu-pour-NDA-768x284.jpg 768w, https:\/\/pcf08.com\/wp-content\/uploads\/2023\/09\/secu-pour-NDA.jpg 851w\" sizes=\"(max-width: 300px) 100vw, 300px\" \/>Les h\u00f4pitaux ne remplissent plus leur r\u00f4le de service public en fermant des services comme la maternit\u00e9 de Sedan ou les urgences de Vouziers et avoir un rendez vous m\u00e9dical en ville est souvent synonyme de gal\u00e8re\u00a0! Ceci m\u00e8ne \u00e0 une v\u00e9ritable catastrophe sanitaire, li\u00e9e \u00e0 deux causes \u00e9troitement intriqu\u00e9es, le manque de professionnels et le manque d\u2019argent.<\/span><\/span><\/p>\n<p align=\"justify\"><span style=\"font-family: Calibri, sans-serif;\"><span style=\"font-size: small;\">Que propose le gouvernement Borne\u00a0? Faire payer plus la population en doublant les franchises, r\u00e9duire les d\u00e9penses d\u2019arr\u00eats maladie en fliquant les m\u00e9decins \u2026 Il reste par contre sans r\u00e9action face aux nombreux m\u00e9decins g\u00e9n\u00e9ralistes qui ont d\u00e9cid\u00e9 unilat\u00e9ralement d\u2019augmenter le prix de leur consultation, \u00e0 la charge des patients\u00a0! Cela va dans le sens des politiques lib\u00e9rales macroniennes\u00a0: ne plus \u00eatre soign\u00e9 selon ses besoins mais selon ses moyens\u00a0!<\/span><\/span><\/p>\n<p align=\"justify\"><span style=\"font-family: Calibri, sans-serif;\"><span style=\"font-size: small;\">Le gouvernement pr\u00e9voit une hausse de la d\u00e9pense maladie de la s\u00e9curit\u00e9 sociale de 2,6\u00a0%, bien inf\u00e9rieure \u00e0 l\u2019inflation. Cela signifie un budget r\u00e9el en baisse, la mise \u00e0 mort de toutes les structures de soins et une explosion des reste-\u00e0-charge pour les m\u00e9nages. Alors m\u00eame que le Projet de loi de financement de la S\u00e9curit\u00e9 Sociale 2024 (PLFSS) devrait pr\u00e9voir une augmentation des retraites et des allocations familiales en lien avec l\u2019inflation\u00a0! Qu&rsquo;il devrait aussi donner les moyens pour une prise en charge digne de l\u2019autonomie (qui devrait \u00eatre int\u00e9gr\u00e9 \u00e0 l\u2019Assurance Maladie).<\/span><\/span><\/p>\n<p align=\"justify\"><span style=\"font-family: Calibri, sans-serif;\"><span style=\"font-size: small;\">Comme pour la r\u00e9forme des retraites, le gouvernement justifie cette super-aust\u00e9rit\u00e9 en pr\u00e9tendant qu\u2019il n\u2019y a pas d\u2019argent\u00a0! Il poursuit sa politique d&rsquo;exon\u00e9ration massive des cotisation ssociales patronales (70 milliards d&rsquo;euros par an), qu&rsquo;il compense aujourd&rsquo;hui massivement par des imp\u00f4ts et taxes sur les m\u00e9nages. C\u2019est un transfert des charges des entreprises vers les familles.<\/span><\/span><\/p>\n<p align=\"justify\"><span style=\"font-family: Calibri, sans-serif;\"><span style=\"font-size: small;\">Pourtant, l&rsquo;argent coule \u00e0 flot. En 2022, les seules entreprises fran\u00e7aises du CAC40 ont r\u00e9alis\u00e9 142 milliards d&rsquo;euros de b\u00e9n\u00e9fice et distribu\u00e9 56 milliards d&rsquo;euros de dividendes\u00a0! <\/span><\/span><\/p>\n<p align=\"justify\"><span style=\"font-family: Calibri, sans-serif;\"><span style=\"font-size: small;\">Il faut en finir avec cette politique qui privil\u00e9gie le capital au travail, le grand patronat aux travailleurs\u00a0!<\/span><\/span><\/p>\n<p align=\"justify\"><span style=\"font-family: Calibri, sans-serif;\"><span style=\"font-size: small;\">Signez la p\u00e9tition pour un PLFSS r\u00e9pondant aux besoins de la population, soutenue par le PCF\u00a0: <\/span><\/span><\/p>\n<p align=\"justify\"><span style=\"font-family: Calibri, sans-serif;\"><a href=\"https:\/\/www.convergence-sp.fr\/petition-plfss-2024\/\"><span style=\"font-size: small;\">https:\/\/www.convergence-sp.fr\/petition-plfss-2024\/<\/span><\/a><\/span><\/p>\n","protected":false},"excerpt":{"rendered":"<p>Les h\u00f4pitaux ne remplissent plus leur r\u00f4le de service public en fermant des services comme la maternit\u00e9 de Sedan ou les urgences de Vouziers et avoir un rendez vous m\u00e9dical en ville est souvent synonyme de gal\u00e8re\u00a0! Ceci m\u00e8ne \u00e0 une v\u00e9ritable catastrophe sanitaire, li\u00e9e \u00e0 deux causes \u00e9troitement intriqu\u00e9es, le manque de professionnels et [&hellip;]<\/p>\n","protected":false},"author":4,"featured_media":0,"comment_status":"closed","ping_status":"open","sticky":false,"template":"","format":"standard","meta":{"saved_in_kubio":false,"footnotes":""},"categories":[1],"tags":[],"class_list":["post-2496","post","type-post","status-publish","format-standard","hentry","category-non-classe"],"_links":{"self":[{"href":"https:\/\/pcf08.com\/index.php\/wp-json\/wp\/v2\/posts\/2496","targetHints":{"allow":["GET"]}}],"collection":[{"href":"https:\/\/pcf08.com\/index.php\/wp-json\/wp\/v2\/posts"}],"about":[{"href":"https:\/\/pcf08.com\/index.php\/wp-json\/wp\/v2\/types\/post"}],"author":[{"embeddable":true,"href":"https:\/\/pcf08.com\/index.php\/wp-json\/wp\/v2\/users\/4"}],"replies":[{"embeddable":true,"href":"https:\/\/pcf08.com\/index.php\/wp-json\/wp\/v2\/comments?post=2496"}],"version-history":[{"count":1,"href":"https:\/\/pcf08.com\/index.php\/wp-json\/wp\/v2\/posts\/2496\/revisions"}],"predecessor-version":[{"id":2498,"href":"https:\/\/pcf08.com\/index.php\/wp-json\/wp\/v2\/posts\/2496\/revisions\/2498"}],"wp:attachment":[{"href":"https:\/\/pcf08.com\/index.php\/wp-json\/wp\/v2\/media?parent=2496"}],"wp:term":[{"taxonomy":"category","embeddable":true,"href":"https:\/\/pcf08.com\/index.php\/wp-json\/wp\/v2\/categories?post=2496"},{"taxonomy":"post_tag","embeddable":true,"href":"https:\/\/pcf08.com\/index.php\/wp-json\/wp\/v2\/tags?post=2496"}],"curies":[{"name":"wp","href":"https:\/\/api.w.org\/{rel}","templated":true}]}}