{"id":2493,"date":"2023-09-15T15:26:15","date_gmt":"2023-09-15T13:26:15","guid":{"rendered":"http:\/\/pcf08.com\/?p=2493"},"modified":"2023-09-15T15:26:15","modified_gmt":"2023-09-15T13:26:15","slug":"le-mepris-de-lidl-continue","status":"publish","type":"post","link":"https:\/\/pcf08.com\/index.php\/2023\/09\/15\/le-mepris-de-lidl-continue\/","title":{"rendered":"Le m\u00e9pris de LIDL continue"},"content":{"rendered":"<p align=\"justify\"><span style=\"font-family: Calibri, sans-serif;\"><img loading=\"lazy\" decoding=\"async\" class=\"size-full wp-image-2494 alignleft\" src=\"https:\/\/pcf08.com\/wp-content\/uploads\/2023\/09\/lidl.jpg\" alt=\"\" width=\"250\" height=\"188\" \/>D\u00e9but 2018, les habitants du quartier de la Ronde-Couture \u00e0 Charleville-M\u00e9zi\u00e8res \u00e9taient suffoqu\u00e9s en apprenant la fermeture de leur magasin LIDL. Pourtant des am\u00e9nagements, port\u00e9s par les collectivit\u00e9s, faisaient partie d\u2019une restructuration possible. Le groupe allemand LIDL, au m\u00e9pris des personnels, de la client\u00e8le ou d\u2019investisseurs potentiels a d\u00e9cid\u00e9 d\u2019abandonner l\u2019implantation de la marque sur le quartier. L\u2019objectif du groupe \u00e9tant de monter en gamme, les quartiers populaires ne l\u2019int\u00e9ressent plus. R\u00e9sultat, apr\u00e8s cette fermeture, plus aucune sup\u00e9rette n\u2019est implant\u00e9e dans le quartier. Cela oblige les habitants \u00e0 faire un plus long trajet pour aller faire leurs courses. <\/span><\/p>\n<p align=\"justify\"><span style=\"font-family: Calibri, sans-serif;\"> Mis devant le fait accompli la municipalit\u00e9 \u00e0 rapidement abandonn\u00e9 l\u2019id\u00e9e de d\u00e9clarer le quartier comme prioritaire pour l\u2019implantation d\u2019une sup\u00e9rette. Allant m\u00eame jusqu\u2019\u00e0 indemniser LIDL \u00e0 hauteur de 280 000 euros pour l\u2019achat du terrain sur lequel \u00e9tait implant\u00e9 le magasin. Seule l\u2019enseigne NETTO ( filiale d\u2019Intermarch\u00e9) a fait part de son int\u00e9r\u00eat pour reconstruire un centre commercial. En octobre 2020 un comit\u00e9 de s\u00e9lection a \u00e9t\u00e9 mis en place pour examiner les projets. A ce jour aucune r\u00e9ponse concr\u00e8te n\u2019a \u00e9t\u00e9 publi\u00e9e.<\/span><\/p>\n<p align=\"justify\"><span style=\"font-family: Calibri, sans-serif;\"> Sans aucune pudeur le groupe LIDL vient de lancer une consultation publique pour conna\u00eetre l\u2019opinion des habitants. Parmi les questions pos\u00e9es celle-ci ne manque pas de provocation : \u00ab\u00a0Exprimez-vous sur l\u2019avenir de LIDL \u00e0 Charleville-M\u00e9zi\u00e8res\u00a0\u00bb. 5 ans apr\u00e8s la fermeture de leur enseigne qui \u00e9tait situ\u00e9e \u00e0 la Ronde-Couture, le groupe allemand n\u2019exclut plus la possibilit\u00e9 de r\u00e9investir le quartier populaire. Apr\u00e8s s\u2019\u00eatre comport\u00e9 comme des gougnafiers LIDL veut faire obstacle \u00e0 d\u2018\u00e9ventuels candidats.<\/span><\/p>\n<p align=\"right\"><span style=\"font-family: Calibri, sans-serif;\"><span style=\"color: #000000;\"><span style=\"font-size: medium;\">Sylvain DALLA ROSA <\/span><\/span> <\/span><\/p>\n","protected":false},"excerpt":{"rendered":"<p>D\u00e9but 2018, les habitants du quartier de la Ronde-Couture \u00e0 Charleville-M\u00e9zi\u00e8res \u00e9taient suffoqu\u00e9s en apprenant la fermeture de leur magasin LIDL. Pourtant des am\u00e9nagements, port\u00e9s par les collectivit\u00e9s, faisaient partie d\u2019une restructuration possible. Le groupe allemand LIDL, au m\u00e9pris des personnels, de la client\u00e8le ou d\u2019investisseurs potentiels a d\u00e9cid\u00e9 d\u2019abandonner l\u2019implantation de la marque sur [&hellip;]<\/p>\n","protected":false},"author":4,"featured_media":0,"comment_status":"closed","ping_status":"open","sticky":false,"template":"","format":"standard","meta":{"saved_in_kubio":false,"footnotes":""},"categories":[1],"tags":[],"class_list":["post-2493","post","type-post","status-publish","format-standard","hentry","category-non-classe"],"_links":{"self":[{"href":"https:\/\/pcf08.com\/index.php\/wp-json\/wp\/v2\/posts\/2493","targetHints":{"allow":["GET"]}}],"collection":[{"href":"https:\/\/pcf08.com\/index.php\/wp-json\/wp\/v2\/posts"}],"about":[{"href":"https:\/\/pcf08.com\/index.php\/wp-json\/wp\/v2\/types\/post"}],"author":[{"embeddable":true,"href":"https:\/\/pcf08.com\/index.php\/wp-json\/wp\/v2\/users\/4"}],"replies":[{"embeddable":true,"href":"https:\/\/pcf08.com\/index.php\/wp-json\/wp\/v2\/comments?post=2493"}],"version-history":[{"count":1,"href":"https:\/\/pcf08.com\/index.php\/wp-json\/wp\/v2\/posts\/2493\/revisions"}],"predecessor-version":[{"id":2495,"href":"https:\/\/pcf08.com\/index.php\/wp-json\/wp\/v2\/posts\/2493\/revisions\/2495"}],"wp:attachment":[{"href":"https:\/\/pcf08.com\/index.php\/wp-json\/wp\/v2\/media?parent=2493"}],"wp:term":[{"taxonomy":"category","embeddable":true,"href":"https:\/\/pcf08.com\/index.php\/wp-json\/wp\/v2\/categories?post=2493"},{"taxonomy":"post_tag","embeddable":true,"href":"https:\/\/pcf08.com\/index.php\/wp-json\/wp\/v2\/tags?post=2493"}],"curies":[{"name":"wp","href":"https:\/\/api.w.org\/{rel}","templated":true}]}}