{"id":2490,"date":"2023-09-15T15:24:01","date_gmt":"2023-09-15T13:24:01","guid":{"rendered":"http:\/\/pcf08.com\/?p=2490"},"modified":"2023-09-15T15:24:01","modified_gmt":"2023-09-15T13:24:01","slug":"rentree-2023","status":"publish","type":"post","link":"https:\/\/pcf08.com\/index.php\/2023\/09\/15\/rentree-2023\/","title":{"rendered":"Rentr\u00e9e 2023"},"content":{"rendered":"<p align=\"justify\"><span style=\"font-family: Calibri, sans-serif;\"><img loading=\"lazy\" decoding=\"async\" class=\"size-medium wp-image-2454 alignleft\" src=\"https:\/\/pcf08.com\/wp-content\/uploads\/2023\/08\/Affiche-pour-la-paix1024_1-211x300.jpg\" alt=\"\" width=\"211\" height=\"300\" srcset=\"https:\/\/pcf08.com\/wp-content\/uploads\/2023\/08\/Affiche-pour-la-paix1024_1-211x300.jpg 211w, https:\/\/pcf08.com\/wp-content\/uploads\/2023\/08\/Affiche-pour-la-paix1024_1.jpg 720w\" sizes=\"(max-width: 211px) 100vw, 211px\" \/>Une rentr\u00e9e o\u00f9 les communistes appellent les citoyennes et citoyens \u00e0 se mobiliser. <\/span><\/p>\n<p align=\"justify\"><span style=\"font-family: Calibri, sans-serif;\">La f\u00eate de l\u2019Humanit\u00e9, plus grand rassemblement populaire national, devrait donner le d\u00e9part de toute une s\u00e9rie d&rsquo;actions d\u00e9montrant \u00e0 l&rsquo;ex\u00e9cutif le rejet de la politique men\u00e9e tant nationale qu\u2019internationale. <\/span><\/p>\n<p align=\"justify\"><span style=\"font-family: Calibri, sans-serif;\">Le jeudi 21 septembre nous devrons \u00eatre nombreuses et nombreux \u00e0 l\u2019occasion pour une grande journ\u00e9e de mobilisation pour la paix.<\/span><\/p>\n<p align=\"justify\"><span style=\"font-family: Calibri, sans-serif;\">Pour les communistes ardennais, il y aura aussi mobilisation pour la paix les 4&amp;5 novembre. Nous aurons l&rsquo;occasion d\u2019y revenir apr\u00e8s le festival des marionnettes.<\/span><\/p>\n<p align=\"justify\"><span style=\"font-family: Calibri, sans-serif;\">Mais cette rentr\u00e9e ne se fera pas uniquement sous le signe d&rsquo;un retour \u00e0 la paix. Le dernier Conseil National a pris la d\u00e9cision d&rsquo;\u00eatre le parti pleinement mobilis\u00e9 et motiv\u00e9 contre la politique du Pr\u00e9sident de la R\u00e9publique et de son gouvernement qui continuent leurs actions au service exclusif du grand capital tout en soignant la complicit\u00e9 avec toutes les droites, m\u00eame les plus extr\u00eames.<\/span><\/p>\n<p align=\"justify\"><span style=\"font-family: Calibri, sans-serif;\">En d\u00e9finitif l&rsquo;heure est \u00e0 renforcer la R\u00e9publique et ses valeurs fondamentales partout. <\/span><\/p>\n<p align=\"right\"><span style=\"color: #000000;\"><span style=\"font-family: Calibri, sans-serif;\"><span style=\"font-size: medium;\">Patrick LATTUADA<\/span><\/span><\/span><\/p>\n","protected":false},"excerpt":{"rendered":"<p>Une rentr\u00e9e o\u00f9 les communistes appellent les citoyennes et citoyens \u00e0 se mobiliser. La f\u00eate de l\u2019Humanit\u00e9, plus grand rassemblement populaire national, devrait donner le d\u00e9part de toute une s\u00e9rie d&rsquo;actions d\u00e9montrant \u00e0 l&rsquo;ex\u00e9cutif le rejet de la politique men\u00e9e tant nationale qu\u2019internationale. Le jeudi 21 septembre nous devrons \u00eatre nombreuses et nombreux \u00e0 l\u2019occasion [&hellip;]<\/p>\n","protected":false},"author":4,"featured_media":0,"comment_status":"closed","ping_status":"open","sticky":false,"template":"","format":"standard","meta":{"saved_in_kubio":false,"footnotes":""},"categories":[1],"tags":[],"class_list":["post-2490","post","type-post","status-publish","format-standard","hentry","category-non-classe"],"_links":{"self":[{"href":"https:\/\/pcf08.com\/index.php\/wp-json\/wp\/v2\/posts\/2490","targetHints":{"allow":["GET"]}}],"collection":[{"href":"https:\/\/pcf08.com\/index.php\/wp-json\/wp\/v2\/posts"}],"about":[{"href":"https:\/\/pcf08.com\/index.php\/wp-json\/wp\/v2\/types\/post"}],"author":[{"embeddable":true,"href":"https:\/\/pcf08.com\/index.php\/wp-json\/wp\/v2\/users\/4"}],"replies":[{"embeddable":true,"href":"https:\/\/pcf08.com\/index.php\/wp-json\/wp\/v2\/comments?post=2490"}],"version-history":[{"count":1,"href":"https:\/\/pcf08.com\/index.php\/wp-json\/wp\/v2\/posts\/2490\/revisions"}],"predecessor-version":[{"id":2492,"href":"https:\/\/pcf08.com\/index.php\/wp-json\/wp\/v2\/posts\/2490\/revisions\/2492"}],"wp:attachment":[{"href":"https:\/\/pcf08.com\/index.php\/wp-json\/wp\/v2\/media?parent=2490"}],"wp:term":[{"taxonomy":"category","embeddable":true,"href":"https:\/\/pcf08.com\/index.php\/wp-json\/wp\/v2\/categories?post=2490"},{"taxonomy":"post_tag","embeddable":true,"href":"https:\/\/pcf08.com\/index.php\/wp-json\/wp\/v2\/tags?post=2490"}],"curies":[{"name":"wp","href":"https:\/\/api.w.org\/{rel}","templated":true}]}}