{"id":2486,"date":"2023-09-07T11:39:00","date_gmt":"2023-09-07T09:39:00","guid":{"rendered":"http:\/\/pcf08.com\/?p=2486"},"modified":"2023-09-07T11:39:00","modified_gmt":"2023-09-07T09:39:00","slug":"rentree-scolaire-sous-le-signe-de-la-mobilisation","status":"publish","type":"post","link":"https:\/\/pcf08.com\/index.php\/2023\/09\/07\/rentree-scolaire-sous-le-signe-de-la-mobilisation\/","title":{"rendered":"Rentr\u00e9e scolaire sous le signe de la mobilisation\u00a0!"},"content":{"rendered":"<p align=\"justify\"><span style=\"font-family: Calibri, sans-serif;\"><img loading=\"lazy\" decoding=\"async\" class=\"size-full wp-image-2487 alignleft\" src=\"https:\/\/pcf08.com\/wp-content\/uploads\/2023\/09\/college.jpg\" alt=\"\" width=\"150\" height=\"171\" \/>La fermeture du coll\u00e8ge La Fontaine ne passe pas\u00a0! Et pour cause, organis\u00e9e en d\u00e9pit du bon sens, elle conduit \u00e0 des classes surcharg\u00e9es. Mais ce n\u2019est pas qu\u2019\u00e0 Charleville-M\u00e9zi\u00e8res\u00a0; \u00e0 Sedan, Carignan, Fumay, les enseignants sont aussi mobilis\u00e9s\u00a0: au pr\u00e9texte de la baisse d\u00e9mographique, les classes sont surcharg\u00e9es, d\u00e9passant parfois la capacit\u00e9 d\u2019accueil des salles. Quel paradoxe\u00a0!<\/span><\/p>\n<p align=\"justify\"><span style=\"font-family: Calibri, sans-serif;\">Le PCF demande de limiter les effectifs de 20 \u00e0 25 \u00e9l\u00e8ves par classe de la maternelle au lyc\u00e9e.<\/span><\/p>\n<p align=\"justify\"><span style=\"font-family: Calibri, sans-serif;\">Il faut aussi revaloriser les m\u00e9tiers de l\u2019\u00e9ducation alors que plus de 3000 postes n\u2019ont pas \u00e9t\u00e9 pourvus faute de candidat\u00b7es, pr\u00e9 recruter en urgence 20 000 \u00e9tudiant\u00b7es en L3 pour les former durant deux ans, en finir avec la pr\u00e9carit\u00e9 dans l\u2019\u00c9ducation nationale, former les enseignants et personnels de l\u2019\u00e9ducation au travers d\u2019une v\u00e9ritable formation initiale et continue en lien avec la recherche.<\/span><\/p>\n<p align=\"justify\"><span style=\"font-family: Calibri, sans-serif;\"><span style=\"font-size: medium;\">Face \u00e0 la crise sociale, il faut d\u00e9cr\u00e9ter la gratuit\u00e9 des fournitures scolaires, comme savent d\u2019ailleurs le faire certaines municipalit\u00e9s communistes.<\/span><\/span><\/p>\n","protected":false},"excerpt":{"rendered":"<p>La fermeture du coll\u00e8ge La Fontaine ne passe pas\u00a0! Et pour cause, organis\u00e9e en d\u00e9pit du bon sens, elle conduit \u00e0 des classes surcharg\u00e9es. Mais ce n\u2019est pas qu\u2019\u00e0 Charleville-M\u00e9zi\u00e8res\u00a0; \u00e0 Sedan, Carignan, Fumay, les enseignants sont aussi mobilis\u00e9s\u00a0: au pr\u00e9texte de la baisse d\u00e9mographique, les classes sont surcharg\u00e9es, d\u00e9passant parfois la capacit\u00e9 d\u2019accueil des [&hellip;]<\/p>\n","protected":false},"author":4,"featured_media":0,"comment_status":"closed","ping_status":"open","sticky":false,"template":"","format":"standard","meta":{"saved_in_kubio":false,"footnotes":""},"categories":[1],"tags":[],"class_list":["post-2486","post","type-post","status-publish","format-standard","hentry","category-non-classe"],"_links":{"self":[{"href":"https:\/\/pcf08.com\/index.php\/wp-json\/wp\/v2\/posts\/2486","targetHints":{"allow":["GET"]}}],"collection":[{"href":"https:\/\/pcf08.com\/index.php\/wp-json\/wp\/v2\/posts"}],"about":[{"href":"https:\/\/pcf08.com\/index.php\/wp-json\/wp\/v2\/types\/post"}],"author":[{"embeddable":true,"href":"https:\/\/pcf08.com\/index.php\/wp-json\/wp\/v2\/users\/4"}],"replies":[{"embeddable":true,"href":"https:\/\/pcf08.com\/index.php\/wp-json\/wp\/v2\/comments?post=2486"}],"version-history":[{"count":1,"href":"https:\/\/pcf08.com\/index.php\/wp-json\/wp\/v2\/posts\/2486\/revisions"}],"predecessor-version":[{"id":2488,"href":"https:\/\/pcf08.com\/index.php\/wp-json\/wp\/v2\/posts\/2486\/revisions\/2488"}],"wp:attachment":[{"href":"https:\/\/pcf08.com\/index.php\/wp-json\/wp\/v2\/media?parent=2486"}],"wp:term":[{"taxonomy":"category","embeddable":true,"href":"https:\/\/pcf08.com\/index.php\/wp-json\/wp\/v2\/categories?post=2486"},{"taxonomy":"post_tag","embeddable":true,"href":"https:\/\/pcf08.com\/index.php\/wp-json\/wp\/v2\/tags?post=2486"}],"curies":[{"name":"wp","href":"https:\/\/api.w.org\/{rel}","templated":true}]}}