{"id":2475,"date":"2023-08-31T11:37:36","date_gmt":"2023-08-31T09:37:36","guid":{"rendered":"http:\/\/pcf08.com\/?p=2475"},"modified":"2023-08-31T11:37:36","modified_gmt":"2023-08-31T09:37:36","slug":"non-a-la-repression-syndicale","status":"publish","type":"post","link":"https:\/\/pcf08.com\/index.php\/2023\/08\/31\/non-a-la-repression-syndicale\/","title":{"rendered":"Non \u00e0 la r\u00e9pression syndicale"},"content":{"rendered":"<p align=\"justify\"><span style=\"font-family: Calibri, sans-serif;\"><span style=\"font-size: medium;\">S\u00e9bastien Menesplier, secr\u00e9taire g\u00e9n\u00e9ral de la FNME CGT est convoqu\u00e9 le 6 septembre \u00e0 la gendarmerie de Montmorency pour \u00ab\u00a0mise en danger de la vie d\u2019autrui\u00a0\u00bb au cours des mobilisations contre la r\u00e9forme des retraites. C\u2019est in\u00e9dit qu\u2019un premier dirigeant de f\u00e9d\u00e9ration soit convoqu\u00e9. Ce r\u00e9gime politique s\u2019enfonce dans des d\u00e9rives autoritaires inacceptables. Fabien Roussel, au nom de la direction du PCF, a apport\u00e9 tout son soutien \u00e0 S\u00e9bastien Menesplier. L\u2019UD CGT organise un car pour participer \u00e0 la manifestation de soutien.<\/span><\/span><\/p>\n","protected":false},"excerpt":{"rendered":"<p>S\u00e9bastien Menesplier, secr\u00e9taire g\u00e9n\u00e9ral de la FNME CGT est convoqu\u00e9 le 6 septembre \u00e0 la gendarmerie de Montmorency pour \u00ab\u00a0mise en danger de la vie d\u2019autrui\u00a0\u00bb au cours des mobilisations contre la r\u00e9forme des retraites. C\u2019est in\u00e9dit qu\u2019un premier dirigeant de f\u00e9d\u00e9ration soit convoqu\u00e9. Ce r\u00e9gime politique s\u2019enfonce dans des d\u00e9rives autoritaires inacceptables. Fabien Roussel, [&hellip;]<\/p>\n","protected":false},"author":4,"featured_media":0,"comment_status":"closed","ping_status":"open","sticky":false,"template":"","format":"standard","meta":{"saved_in_kubio":false,"footnotes":""},"categories":[1],"tags":[],"class_list":["post-2475","post","type-post","status-publish","format-standard","hentry","category-non-classe"],"_links":{"self":[{"href":"https:\/\/pcf08.com\/index.php\/wp-json\/wp\/v2\/posts\/2475","targetHints":{"allow":["GET"]}}],"collection":[{"href":"https:\/\/pcf08.com\/index.php\/wp-json\/wp\/v2\/posts"}],"about":[{"href":"https:\/\/pcf08.com\/index.php\/wp-json\/wp\/v2\/types\/post"}],"author":[{"embeddable":true,"href":"https:\/\/pcf08.com\/index.php\/wp-json\/wp\/v2\/users\/4"}],"replies":[{"embeddable":true,"href":"https:\/\/pcf08.com\/index.php\/wp-json\/wp\/v2\/comments?post=2475"}],"version-history":[{"count":1,"href":"https:\/\/pcf08.com\/index.php\/wp-json\/wp\/v2\/posts\/2475\/revisions"}],"predecessor-version":[{"id":2476,"href":"https:\/\/pcf08.com\/index.php\/wp-json\/wp\/v2\/posts\/2475\/revisions\/2476"}],"wp:attachment":[{"href":"https:\/\/pcf08.com\/index.php\/wp-json\/wp\/v2\/media?parent=2475"}],"wp:term":[{"taxonomy":"category","embeddable":true,"href":"https:\/\/pcf08.com\/index.php\/wp-json\/wp\/v2\/categories?post=2475"},{"taxonomy":"post_tag","embeddable":true,"href":"https:\/\/pcf08.com\/index.php\/wp-json\/wp\/v2\/tags?post=2475"}],"curies":[{"name":"wp","href":"https:\/\/api.w.org\/{rel}","templated":true}]}}