{"id":2467,"date":"2023-08-31T11:33:49","date_gmt":"2023-08-31T09:33:49","guid":{"rendered":"http:\/\/pcf08.com\/?p=2467"},"modified":"2023-08-31T11:33:49","modified_gmt":"2023-08-31T09:33:49","slug":"fete-de-lhuma","status":"publish","type":"post","link":"https:\/\/pcf08.com\/index.php\/2023\/08\/31\/fete-de-lhuma\/","title":{"rendered":"F\u00eate de l\u2019Huma"},"content":{"rendered":"<p align=\"justify\"><span style=\"font-family: Calibri, sans-serif;\"><img loading=\"lazy\" decoding=\"async\" class=\"size-medium wp-image-2395 alignleft\" src=\"https:\/\/pcf08.com\/wp-content\/uploads\/2023\/06\/humanite-213x300.jpg\" alt=\"\" width=\"213\" height=\"300\" srcset=\"https:\/\/pcf08.com\/wp-content\/uploads\/2023\/06\/humanite-213x300.jpg 213w, https:\/\/pcf08.com\/wp-content\/uploads\/2023\/06\/humanite-728x1024.jpg 728w, https:\/\/pcf08.com\/wp-content\/uploads\/2023\/06\/humanite-768x1080.jpg 768w, https:\/\/pcf08.com\/wp-content\/uploads\/2023\/06\/humanite.jpg 915w\" sizes=\"(max-width: 213px) 100vw, 213px\" \/><\/span><\/p>\n<p align=\"justify\">\n<p align=\"justify\"><span style=\"font-family: Calibri, sans-serif;\">Les bons de soutien donnant droit \u00e0 l\u2019entr\u00e9e \u00e0 la f\u00eate sont toujours disponibles au si\u00e8ge de la f\u00e9d\u00e9 des Ardennes au prix de 40 \u20ac pour les 3 jours.<\/span><\/p>\n<p align=\"justify\"><span style=\"font-family: Calibri, sans-serif;\">L\u2019\u00e9quipe, pour animer le stand de la f\u00e9d\u00e9ration des Ardennes, vous y donne d\u00e8s maintenant rendez-vous. Les b\u00e9n\u00e9voles pour donner un coup de main seront les bienvenus et invit\u00e9s \u00e0 se faire conna\u00eetre d\u00e8s maintenant (<a href=\"mailto:pcf08@wanadoo.fr\">pcf08@wanadoo.fr<\/a>).<\/span><\/p>\n<p align=\"justify\"><span style=\"font-family: Calibri, sans-serif;\">Vous pouvez \u00e9galement soutenir l\u2019Humanit\u00e9 en achetant la vignette par solidarit\u00e9. <\/span><\/p>\n","protected":false},"excerpt":{"rendered":"<p>Les bons de soutien donnant droit \u00e0 l\u2019entr\u00e9e \u00e0 la f\u00eate sont toujours disponibles au si\u00e8ge de la f\u00e9d\u00e9 des Ardennes au prix de 40 \u20ac pour les 3 jours. L\u2019\u00e9quipe, pour animer le stand de la f\u00e9d\u00e9ration des Ardennes, vous y donne d\u00e8s maintenant rendez-vous. Les b\u00e9n\u00e9voles pour donner un coup de main seront [&hellip;]<\/p>\n","protected":false},"author":4,"featured_media":0,"comment_status":"closed","ping_status":"open","sticky":false,"template":"","format":"standard","meta":{"saved_in_kubio":false,"footnotes":""},"categories":[1],"tags":[],"class_list":["post-2467","post","type-post","status-publish","format-standard","hentry","category-non-classe"],"_links":{"self":[{"href":"https:\/\/pcf08.com\/index.php\/wp-json\/wp\/v2\/posts\/2467","targetHints":{"allow":["GET"]}}],"collection":[{"href":"https:\/\/pcf08.com\/index.php\/wp-json\/wp\/v2\/posts"}],"about":[{"href":"https:\/\/pcf08.com\/index.php\/wp-json\/wp\/v2\/types\/post"}],"author":[{"embeddable":true,"href":"https:\/\/pcf08.com\/index.php\/wp-json\/wp\/v2\/users\/4"}],"replies":[{"embeddable":true,"href":"https:\/\/pcf08.com\/index.php\/wp-json\/wp\/v2\/comments?post=2467"}],"version-history":[{"count":1,"href":"https:\/\/pcf08.com\/index.php\/wp-json\/wp\/v2\/posts\/2467\/revisions"}],"predecessor-version":[{"id":2468,"href":"https:\/\/pcf08.com\/index.php\/wp-json\/wp\/v2\/posts\/2467\/revisions\/2468"}],"wp:attachment":[{"href":"https:\/\/pcf08.com\/index.php\/wp-json\/wp\/v2\/media?parent=2467"}],"wp:term":[{"taxonomy":"category","embeddable":true,"href":"https:\/\/pcf08.com\/index.php\/wp-json\/wp\/v2\/categories?post=2467"},{"taxonomy":"post_tag","embeddable":true,"href":"https:\/\/pcf08.com\/index.php\/wp-json\/wp\/v2\/tags?post=2467"}],"curies":[{"name":"wp","href":"https:\/\/api.w.org\/{rel}","templated":true}]}}