{"id":2459,"date":"2023-08-03T11:53:26","date_gmt":"2023-08-03T09:53:26","guid":{"rendered":"http:\/\/pcf08.com\/?p=2459"},"modified":"2023-08-03T11:53:26","modified_gmt":"2023-08-03T09:53:26","slug":"malgre-les-promesses-le-chomage-toujours-aussi-important","status":"publish","type":"post","link":"https:\/\/pcf08.com\/index.php\/2023\/08\/03\/malgre-les-promesses-le-chomage-toujours-aussi-important\/","title":{"rendered":"Malgr\u00e9 les promesses le ch\u00f4mage toujours aussi important\u2026\u2026."},"content":{"rendered":"<p align=\"justify\"><span style=\"font-family: Times New Roman, serif;\"><span style=\"font-size: medium;\"><span style=\"font-family: Liberation Serif, serif;\"><img loading=\"lazy\" decoding=\"async\" class=\"size-medium wp-image-2460 alignright\" src=\"https:\/\/pcf08.com\/wp-content\/uploads\/2023\/08\/Chomage-300x189.png\" alt=\"\" width=\"300\" height=\"189\" \/><\/span><\/span><\/span><\/p>\n<p align=\"justify\"><span style=\"font-family: Times New Roman, serif;\"><span style=\"font-size: medium;\"><span style=\"font-family: Liberation Serif, serif;\">Les chiffres sont implacables, dans notre d\u00e9partement le taux de <\/span><span style=\"font-family: Liberation Serif, serif;\">ch\u00f4mage<\/span><span style=\"font-family: Liberation Serif, serif;\"> est toujours aussi haut. Cela alors que la situation du Grand Est conna\u00eet<\/span><span style=\"font-family: Liberation Serif, serif;\"> une petite embellie avec une<\/span><span style=\"font-family: Liberation Serif, serif;\"> baisse <\/span><span style=\"font-family: Liberation Serif, serif;\">et<\/span><span style=\"font-family: Liberation Serif, serif;\"> un taux r\u00e9gional de 6,9%. <\/span><span style=\"font-family: Liberation Serif, serif;\">Il faut n\u00e9anmoins relativiser ces donn\u00e9es publi\u00e9es par le Minist\u00e8re du Travail. Les perspectives d\u2019avenir sont particuli\u00e8rement sombres. Ce sont, pour le plan ardennais, pr<\/span><span style=\"font-family: Liberation Serif, serif;\">\u00e8<\/span><span style=\"font-family: Liberation Serif, serif;\">s de 14 000 personnes qui sont inscrites \u00e0 P\u00f4le Emploi.<\/span><\/span><\/span><\/p>\n<p align=\"justify\"><span style=\"font-family: Liberation Serif, serif;\"><span style=\"font-size: medium;\"> Alors que dans les d\u00e9partements de la R\u00e9gion les chiffres sont \u00e0 la baisse, on assiste dans les Ardennes \u00e0 une hausse du ch\u00f4mage de + 0,4%. Les dossiers qui sont un rendez-vous manqu\u00e9 s\u2019accumulent dans les Ardennes. Deux exemples sont marquants, Cevital aux Ayvelles ou Mercier \u00e0 Revin. Rien que pour ces deux exemples c\u2019\u00e9taient des promesses de cr\u00e9ation d\u2019emplois de pr\u00e8s de 1300 postes. Mais c\u2019est bien connu \u00ab\u00a0les promesses n\u2019engagent que ceux qui y croient.\u00a0\u00bb<\/span><\/span><\/p>\n<p align=\"justify\"><span id=\"Cadre1\" dir=\"ltr\"><\/span><span style=\"font-family: Liberation Serif, serif;\"><span style=\"font-size: medium;\"> Pour confirmer ces craintes il faut regarder les chiffres de cr\u00e9ations d\u2019entreprises qui est en recul de 2,3% sur un trimestre dans le Grand Est ou sur l\u2019emploi int\u00e9rimaire qui progresse de 3,3% dans les Ardennes.<\/span><\/span><\/p>\n<p align=\"justify\"><span style=\"font-family: Liberation Serif, serif;\"><span style=\"font-size: medium;\"> Les discours gouvernementaux sont rarement suivis d\u2019effets. A l\u2019oppos\u00e9 de la politique actuelle il est prioritaire de donner les moyens d\u2019une r\u00e9elle relocalisation de la production industrielle en France.<\/span><\/span><\/p>\n","protected":false},"excerpt":{"rendered":"<p>Les chiffres sont implacables, dans notre d\u00e9partement le taux de ch\u00f4mage est toujours aussi haut. Cela alors que la situation du Grand Est conna\u00eet une petite embellie avec une baisse et un taux r\u00e9gional de 6,9%. Il faut n\u00e9anmoins relativiser ces donn\u00e9es publi\u00e9es par le Minist\u00e8re du Travail. Les perspectives d\u2019avenir sont particuli\u00e8rement sombres. Ce [&hellip;]<\/p>\n","protected":false},"author":4,"featured_media":0,"comment_status":"closed","ping_status":"open","sticky":false,"template":"","format":"standard","meta":{"saved_in_kubio":false,"footnotes":""},"categories":[1],"tags":[],"class_list":["post-2459","post","type-post","status-publish","format-standard","hentry","category-non-classe"],"_links":{"self":[{"href":"https:\/\/pcf08.com\/index.php\/wp-json\/wp\/v2\/posts\/2459","targetHints":{"allow":["GET"]}}],"collection":[{"href":"https:\/\/pcf08.com\/index.php\/wp-json\/wp\/v2\/posts"}],"about":[{"href":"https:\/\/pcf08.com\/index.php\/wp-json\/wp\/v2\/types\/post"}],"author":[{"embeddable":true,"href":"https:\/\/pcf08.com\/index.php\/wp-json\/wp\/v2\/users\/4"}],"replies":[{"embeddable":true,"href":"https:\/\/pcf08.com\/index.php\/wp-json\/wp\/v2\/comments?post=2459"}],"version-history":[{"count":1,"href":"https:\/\/pcf08.com\/index.php\/wp-json\/wp\/v2\/posts\/2459\/revisions"}],"predecessor-version":[{"id":2461,"href":"https:\/\/pcf08.com\/index.php\/wp-json\/wp\/v2\/posts\/2459\/revisions\/2461"}],"wp:attachment":[{"href":"https:\/\/pcf08.com\/index.php\/wp-json\/wp\/v2\/media?parent=2459"}],"wp:term":[{"taxonomy":"category","embeddable":true,"href":"https:\/\/pcf08.com\/index.php\/wp-json\/wp\/v2\/categories?post=2459"},{"taxonomy":"post_tag","embeddable":true,"href":"https:\/\/pcf08.com\/index.php\/wp-json\/wp\/v2\/tags?post=2459"}],"curies":[{"name":"wp","href":"https:\/\/api.w.org\/{rel}","templated":true}]}}