{"id":2453,"date":"2023-08-03T11:48:56","date_gmt":"2023-08-03T09:48:56","guid":{"rendered":"http:\/\/pcf08.com\/?p=2453"},"modified":"2023-08-03T11:48:56","modified_gmt":"2023-08-03T09:48:56","slug":"mobilisons-nous-pour-la-paix","status":"publish","type":"post","link":"https:\/\/pcf08.com\/index.php\/2023\/08\/03\/mobilisons-nous-pour-la-paix\/","title":{"rendered":"Mobilisons nous pour la paix !"},"content":{"rendered":"<p align=\"justify\"><span style=\"font-family: Liberation Serif, serif;\"><span style=\"font-size: medium;\"><img loading=\"lazy\" decoding=\"async\" class=\"size-medium wp-image-2454 alignleft\" src=\"https:\/\/pcf08.com\/wp-content\/uploads\/2023\/08\/Affiche-pour-la-paix1024_1-211x300.jpg\" alt=\"\" width=\"211\" height=\"300\" srcset=\"https:\/\/pcf08.com\/wp-content\/uploads\/2023\/08\/Affiche-pour-la-paix1024_1-211x300.jpg 211w, https:\/\/pcf08.com\/wp-content\/uploads\/2023\/08\/Affiche-pour-la-paix1024_1.jpg 720w\" sizes=\"(max-width: 211px) 100vw, 211px\" \/>\u00a0\u00bb Tous \u00e0 vos agendas!\u00a0\u00bb. Le PCF organise un week-end pour la paix, en Ukraine, au Niger et sur la plan\u00e8te, le samedi 4 et dimanche 5 novembre. <b>Salle du Forum <\/b><b>avenue Jean Jaures <\/b><b>\u00e0 Charleville M\u00e9zi\u00e8res. Entr\u00e9e: 10 euros.<\/b><\/span><\/span><\/p>\n<p align=\"justify\"><span style=\"font-family: Liberation Serif, serif;\"><span style=\"font-size: medium;\"><b>Le samedi 4 novembre \u00e0 partir de 20H00: Concert pour la paix! <\/b><\/span><\/span><\/p>\n<p align=\"justify\"><span style=\"font-family: Liberation Serif, serif;\"><span style=\"font-size: medium;\">Nous aurons la chance d\u2019accueillir en t\u00eate d\u2019affiche, le groupe <b>Labess<\/b>, en fran\u00e7ais : Tout va bien en formation trio. Une musique ouverte aux quatre vents du monde : sonorit\u00e9s africaines, rumba gitane, flamenco\u2026 Dans cette proposition universelle, le cha\u00e2bi est toujours pr\u00e9sent, comme cette question : qui suis-je ? Les racines remontent \u00e0 la surface, dans l\u2019exil. La voix s\u2019\u00e9l\u00e8ve en plusieurs langues, arabe dialectal alg\u00e9rien, espagnol, fran\u00e7ais. \u00c0 l\u2019image de l\u2019oiseau de la chanson d\u2019Ammar Ezahi qui se souvient du temps o\u00f9 il \u00e9tait libre. Le voyage continue, Labess euphorise les salles, en Afrique du Nord, et partout ailleurs. Comme en France, o\u00f9 il s\u2019est ancr\u00e9 depuis quelques ann\u00e9es. Le musicien de rue est grand. Et sa voix porte loin \u00e0 l\u2019horizon. Finalement, \u00e0 cette question qui suis-je ? Nedjim r\u00e9pond : \u00ab un peu de chaque pays o\u00f9 je passe, un peu de chaque musicien que je rencontre \u00bb. Une musique plurielle et intime. Habit\u00e9e. Libre.<\/span><\/span><\/p>\n<p align=\"justify\"><span style=\"font-family: Liberation Serif, serif;\"><span style=\"font-size: medium;\">En premi\u00e8re partie, <b>Kipenska, un groupe de ska local. <\/b>6 jeunes de Signy-l-Abbaye, passionn\u00e9s de rock ska alternatif. Cette formation alliant trompette, percussions, guitares et chant nous enchantera de reprises militantes, engag\u00e9es refl\u00e9tant nos valeurs humanistes! Tout \u00e7a dans la bonne humeur avec une furieuse envie de bouger nos corps!<\/span><\/span><\/p>\n<p align=\"justify\"><span style=\"font-family: Liberation Serif, serif;\"><span style=\"font-size: medium;\"><b>Le dimanche 5 novembre: Rencontres et d\u00e9bats sur la th\u00e9matique de la paix. <\/b>Le contenu sera pr\u00e9cis\u00e9 tr\u00e8s prochainement, mais nos invit\u00e9s de qualit\u00e9 ne manqueront pas de nous permettre d\u2019\u00e9changer profond\u00e9ment sur cette probl\u00e9matique, aujourd\u2019hui malheureusement d\u2019actualit\u00e9\u2026<\/span><\/span><\/p>\n<p align=\"justify\">\n<p align=\"center\"><span style=\"color: #ce181e;\"><span style=\"font-family: Liberation Serif, serif;\"><span style=\"font-size: medium;\"><u><b>Pour la paix dans le monde b<\/b><\/u><u><b>loquez tous <\/b><\/u><u><b>ces<\/b><\/u><u><b> dates!<\/b><\/u><\/span><\/span><\/span><\/p>\n<p align=\"center\">\n<p align=\"right\"><span style=\"font-family: Liberation Serif, serif;\"><span style=\"font-size: medium;\"><span style=\"color: #444444;\">Ir\u00e8ne PERRIN<\/span><span style=\"color: #444444;\">&#8211;<\/span><span style=\"color: #444444;\">TOININ<\/span> <\/span><\/span><span style=\"font-family: Liberation Serif, serif;\"><span style=\"font-size: medium;\"><span style=\"color: #444444;\">et <\/span><span style=\"color: #444444;\">Ang\u00e9lique CHEF<\/span><\/span><\/span><\/p>\n","protected":false},"excerpt":{"rendered":"<p>\u00a0\u00bb Tous \u00e0 vos agendas!\u00a0\u00bb. Le PCF organise un week-end pour la paix, en Ukraine, au Niger et sur la plan\u00e8te, le samedi 4 et dimanche 5 novembre. Salle du Forum avenue Jean Jaures \u00e0 Charleville M\u00e9zi\u00e8res. Entr\u00e9e: 10 euros. Le samedi 4 novembre \u00e0 partir de 20H00: Concert pour la paix! Nous aurons la [&hellip;]<\/p>\n","protected":false},"author":4,"featured_media":0,"comment_status":"closed","ping_status":"open","sticky":false,"template":"","format":"standard","meta":{"saved_in_kubio":false,"footnotes":""},"categories":[1],"tags":[],"class_list":["post-2453","post","type-post","status-publish","format-standard","hentry","category-non-classe"],"_links":{"self":[{"href":"https:\/\/pcf08.com\/index.php\/wp-json\/wp\/v2\/posts\/2453","targetHints":{"allow":["GET"]}}],"collection":[{"href":"https:\/\/pcf08.com\/index.php\/wp-json\/wp\/v2\/posts"}],"about":[{"href":"https:\/\/pcf08.com\/index.php\/wp-json\/wp\/v2\/types\/post"}],"author":[{"embeddable":true,"href":"https:\/\/pcf08.com\/index.php\/wp-json\/wp\/v2\/users\/4"}],"replies":[{"embeddable":true,"href":"https:\/\/pcf08.com\/index.php\/wp-json\/wp\/v2\/comments?post=2453"}],"version-history":[{"count":1,"href":"https:\/\/pcf08.com\/index.php\/wp-json\/wp\/v2\/posts\/2453\/revisions"}],"predecessor-version":[{"id":2455,"href":"https:\/\/pcf08.com\/index.php\/wp-json\/wp\/v2\/posts\/2453\/revisions\/2455"}],"wp:attachment":[{"href":"https:\/\/pcf08.com\/index.php\/wp-json\/wp\/v2\/media?parent=2453"}],"wp:term":[{"taxonomy":"category","embeddable":true,"href":"https:\/\/pcf08.com\/index.php\/wp-json\/wp\/v2\/categories?post=2453"},{"taxonomy":"post_tag","embeddable":true,"href":"https:\/\/pcf08.com\/index.php\/wp-json\/wp\/v2\/tags?post=2453"}],"curies":[{"name":"wp","href":"https:\/\/api.w.org\/{rel}","templated":true}]}}