{"id":2436,"date":"2023-07-06T11:43:47","date_gmt":"2023-07-06T09:43:47","guid":{"rendered":"http:\/\/pcf08.com\/?p=2436"},"modified":"2023-07-06T11:43:47","modified_gmt":"2023-07-06T09:43:47","slug":"le-pcf-a-la-rencontre-des-citoyens","status":"publish","type":"post","link":"https:\/\/pcf08.com\/index.php\/2023\/07\/06\/le-pcf-a-la-rencontre-des-citoyens\/","title":{"rendered":"Le PCF \u00e0 la rencontre des citoyens"},"content":{"rendered":"<p align=\"justify\"><span style=\"font-family: Liberation Serif, serif;\"><span style=\"font-size: medium;\"><img loading=\"lazy\" decoding=\"async\" class=\"size-medium wp-image-2437 alignleft\" src=\"https:\/\/pcf08.com\/wp-content\/uploads\/2023\/07\/Roussel-300x178.png\" alt=\"\" width=\"300\" height=\"178\" srcset=\"https:\/\/pcf08.com\/wp-content\/uploads\/2023\/07\/Roussel-300x178.png 300w, https:\/\/pcf08.com\/wp-content\/uploads\/2023\/07\/Roussel.png 412w\" sizes=\"(max-width: 300px) 100vw, 300px\" \/>Pour aller \u00e0 la rencontre des fran\u00e7ais, Fabien Roussel vient de terminer un tour de France sur le th\u00e8me \u00ab\u00a0avec vous sans tabous\u00a0\u00bb.<\/span><\/span><\/p>\n<p style=\"text-align: left;\" align=\"right\"><span style=\"font-size: medium; font-family: 'Liberation Serif', serif;\">Engag\u00e9 dans le Pas-de-Calais 9 mois auparavant, cette initiative aura permis au secr\u00e9taire national du PCF de sillonner la France, pour l\u2019essentiel des villes moyennes et des territoires ruraux. Comme il est de tradition, outre un \u00e9change avec des \u00e9lus locaux de plus en plus inquiets de l\u2019avenir de leurs services publics et de leur territoire, c\u2019est dans une salle comble \u00e0 Sainte-Tulle \u00e0 proximit\u00e9 de Manosque que s\u2019est achev\u00e9 sont p\u00e9riple. A l\u2019image de ce qui s\u2019est d\u00e9roul\u00e9 \u00e0 chaque \u00e9tape, c\u2019est un dialogue qui a dur\u00e9 deux heures. Les \u00e9changes avec le secr\u00e9taire national du PCF ont \u00e9t\u00e9 parfois passionn\u00e9s et toujours passionnants.<\/span><\/p>\n<p align=\"justify\"><span style=\"font-family: Liberation Serif, serif;\"><span style=\"font-size: medium;\"> Fid\u00e8le \u00e0 sa conception du d\u00e9bat politique favorisant l\u2019expression des pr\u00e9occupations populaires, Fabien Roussel a pu entendre, une fois de plus, la violence inou\u00efe de la crise du syst\u00e8me pour les classes populaires et le monde du travail. De la vie quotidienne, marqu\u00e9e par l\u2019aggravation des pr\u00e9carit\u00e9s, aux grands d\u00e9fis pos\u00e9s \u00e0 l\u2019humanit\u00e9, du sort fait \u00e0 la jeunesse comme aux personnes \u00e2g\u00e9es, de la d\u00e9mocratisation des institutions aux besoins de pouvoirs r\u00e9els pour les salari\u00e9s dans les entreprises, de l\u2019injustice des in\u00e9galit\u00e9s entre femmes et hommes \u00e0 l\u2019aspiration \u00e0 vivre partout dans la tranquillit\u00e9 et la s\u00e9curit\u00e9, de la n\u00e9cessit\u00e9 de renouer avec de grands services publics \u00e0 la reconqu\u00eate d\u2019une agriculture conjuguant le droit \u00e0 une alimentation de qualit\u00e9 pour tous et le respect de nos ressources naturelles, ou encore des menaces qui p\u00e8sent sur la paix mondiale jusqu\u2019au rejet massif de la r\u00e9forme des retraites\u2026, tous les sujets sont mis sur la table par les participants.<\/span><\/span><\/p>\n<p align=\"justify\"><span style=\"font-family: Liberation Serif, serif;\"><span style=\"font-size: medium;\"> Tant\u00f4t avec humour, souvent avec gravit\u00e9, Fabien Roussel a eu \u00e0 c\u0153ur, dans ce dialogue, \u00e0 montrer qu\u2019une autre voie \u00e9tait possible. <\/span><\/span><\/p>\n<p align=\"justify\"><span style=\"font-family: Liberation Serif, serif;\"><span style=\"font-size: medium;\"> Tout en restant lucides sur les efforts \u00e0 d\u00e9ployer pour d\u00e9border tr\u00e8s largement ce cadre de d\u00e9bats, il n\u2019en reste pas moins vrai que les participants, quels qu\u2019ils soient, en sont souvent sortis plus confiants et regonfl\u00e9s. De quoi donner espoir, alors que le pouvoir accentue son autoritarisme et que l\u2019extr\u00eame droite prosp\u00e8re sur la col\u00e8re populaire, l\u2019un comme l\u2019autre aiguisant les divisions dans la soci\u00e9t\u00e9 pour \u00e9carter toute issue progressiste \u00e0 la v\u00e9ritable crise de civilisation. De quoi \u00e9galement faire r\u00e9fl\u00e9chir aux conditions de v\u00e9ritables changements dans la vie de nos concitoyens, en redonnant toute leur place au mouvement populaire, aux luttes, \u00e0 l\u2019intervention des salari\u00e9s et des citoyens dans la construction d\u2019une majorit\u00e9 politique capable de gagner et de r\u00e9ussir. En tout \u00e9tat de cause, cette initiative, port\u00e9e par le secr\u00e9taire national qui aura ainsi rencontr\u00e9 plusieurs milliers de personnes, appelle \u00e0 beaucoup d\u2019audace, de d\u00e9termination et d\u2019organisation de la part des communistes, pour \u00eatre eux aussi \u00ab\u00a0 en campagne\u00a0 \u00bb partout dans les territoires, avec leurs id\u00e9es, leurs propositions et leur projet de soci\u00e9t\u00e9.<\/span><\/span><\/p>\n","protected":false},"excerpt":{"rendered":"<p>Pour aller \u00e0 la rencontre des fran\u00e7ais, Fabien Roussel vient de terminer un tour de France sur le th\u00e8me \u00ab\u00a0avec vous sans tabous\u00a0\u00bb. Engag\u00e9 dans le Pas-de-Calais 9 mois auparavant, cette initiative aura permis au secr\u00e9taire national du PCF de sillonner la France, pour l\u2019essentiel des villes moyennes et des territoires ruraux. Comme il est [&hellip;]<\/p>\n","protected":false},"author":4,"featured_media":0,"comment_status":"closed","ping_status":"open","sticky":false,"template":"","format":"standard","meta":{"saved_in_kubio":false,"footnotes":""},"categories":[1],"tags":[],"class_list":["post-2436","post","type-post","status-publish","format-standard","hentry","category-non-classe"],"_links":{"self":[{"href":"https:\/\/pcf08.com\/index.php\/wp-json\/wp\/v2\/posts\/2436","targetHints":{"allow":["GET"]}}],"collection":[{"href":"https:\/\/pcf08.com\/index.php\/wp-json\/wp\/v2\/posts"}],"about":[{"href":"https:\/\/pcf08.com\/index.php\/wp-json\/wp\/v2\/types\/post"}],"author":[{"embeddable":true,"href":"https:\/\/pcf08.com\/index.php\/wp-json\/wp\/v2\/users\/4"}],"replies":[{"embeddable":true,"href":"https:\/\/pcf08.com\/index.php\/wp-json\/wp\/v2\/comments?post=2436"}],"version-history":[{"count":1,"href":"https:\/\/pcf08.com\/index.php\/wp-json\/wp\/v2\/posts\/2436\/revisions"}],"predecessor-version":[{"id":2438,"href":"https:\/\/pcf08.com\/index.php\/wp-json\/wp\/v2\/posts\/2436\/revisions\/2438"}],"wp:attachment":[{"href":"https:\/\/pcf08.com\/index.php\/wp-json\/wp\/v2\/media?parent=2436"}],"wp:term":[{"taxonomy":"category","embeddable":true,"href":"https:\/\/pcf08.com\/index.php\/wp-json\/wp\/v2\/categories?post=2436"},{"taxonomy":"post_tag","embeddable":true,"href":"https:\/\/pcf08.com\/index.php\/wp-json\/wp\/v2\/tags?post=2436"}],"curies":[{"name":"wp","href":"https:\/\/api.w.org\/{rel}","templated":true}]}}