{"id":2431,"date":"2023-06-29T10:01:53","date_gmt":"2023-06-29T08:01:53","guid":{"rendered":"http:\/\/pcf08.com\/?p=2431"},"modified":"2023-06-29T10:01:53","modified_gmt":"2023-06-29T08:01:53","slug":"appel-a-la-jeunesse","status":"publish","type":"post","link":"https:\/\/pcf08.com\/index.php\/2023\/06\/29\/appel-a-la-jeunesse\/","title":{"rendered":"APPEL A LA JEUNESSE"},"content":{"rendered":"<p align=\"justify\"><span style=\"font-family: Calibri, sans-serif;\"><span style=\"font-size: small;\">Le 1<sup>er<\/sup> juin \u00e0 2h du matin ils ont vot\u00e9 contre le gel des loyers comme en 2022. Ils ont vot\u00e9 en un an contre l\u2019augmentation du Smic, des minima sociaux, des salaires et des pensions ou l\u2019indexation salariale sur l\u2019inflation. Contre encore, le blocage des prix, la gratuit\u00e9 des premiers m\u00e8tres cubes d\u2019eau ou de la cantine scolaire, contre la garantie jeune, la revalorisation des petites retraites et celle des fonctionnaires.<\/span><\/span><\/p>\n<p align=\"justify\"><span style=\"font-family: Calibri, sans-serif;\"><span style=\"font-size: small;\">Les d\u00e9put\u00e9s de Marine LE PEN s\u2019alignent sur la politique de MACRON, comme sur la fiscalit\u00e9 en refusant le r\u00e9tablissement de l\u2019ISF, le conditionnement des aides aux entreprises, ou taxer les superprofits. Ils m\u00e8nent la lutte de classe contre le peuple travailleur pour le plus grand profit des capitalistes. Leur connivence avec MACRON permet de cr\u00e9dibiliser leur possible prise du pouvoir en 2027.<\/span><\/span><\/p>\n<p align=\"justify\"><span style=\"font-family: Calibri, sans-serif;\"><span style=\"font-size: small;\">Reste la Jeunesse qui combat le Front National\u00a0 le RN et toute la fachosph\u00e8re. Un seul espoir\u00a0: les Communistes, seuls \u00e0 responsabiliser les aspirants \u00e0 de nouveaux jours heureux. Aux nouveaux bacheliers nous disons\u00a0: construisez votre avenir, syndiquez-vous, prenez parti, emp\u00eachez-les de magouiller en investissant les organisations qui se battent pour le maintien des conquis sociaux et l\u2019obtention de vos revendications pour de nouvelles conqu\u00eates sociales.<\/span><\/span><\/p>\n<p align=\"right\"><span style=\"color: #221f1f;\"><span style=\"font-family: Calibri, sans-serif;\"><span style=\"font-size: small;\">Le Mouvement de la Jeunesse Communiste<\/span><\/span><\/span><\/p>\n","protected":false},"excerpt":{"rendered":"<p>Le 1er juin \u00e0 2h du matin ils ont vot\u00e9 contre le gel des loyers comme en 2022. Ils ont vot\u00e9 en un an contre l\u2019augmentation du Smic, des minima sociaux, des salaires et des pensions ou l\u2019indexation salariale sur l\u2019inflation. Contre encore, le blocage des prix, la gratuit\u00e9 des premiers m\u00e8tres cubes d\u2019eau ou [&hellip;]<\/p>\n","protected":false},"author":4,"featured_media":0,"comment_status":"closed","ping_status":"open","sticky":false,"template":"","format":"standard","meta":{"saved_in_kubio":false,"footnotes":""},"categories":[1],"tags":[],"class_list":["post-2431","post","type-post","status-publish","format-standard","hentry","category-non-classe"],"_links":{"self":[{"href":"https:\/\/pcf08.com\/index.php\/wp-json\/wp\/v2\/posts\/2431","targetHints":{"allow":["GET"]}}],"collection":[{"href":"https:\/\/pcf08.com\/index.php\/wp-json\/wp\/v2\/posts"}],"about":[{"href":"https:\/\/pcf08.com\/index.php\/wp-json\/wp\/v2\/types\/post"}],"author":[{"embeddable":true,"href":"https:\/\/pcf08.com\/index.php\/wp-json\/wp\/v2\/users\/4"}],"replies":[{"embeddable":true,"href":"https:\/\/pcf08.com\/index.php\/wp-json\/wp\/v2\/comments?post=2431"}],"version-history":[{"count":2,"href":"https:\/\/pcf08.com\/index.php\/wp-json\/wp\/v2\/posts\/2431\/revisions"}],"predecessor-version":[{"id":2433,"href":"https:\/\/pcf08.com\/index.php\/wp-json\/wp\/v2\/posts\/2431\/revisions\/2433"}],"wp:attachment":[{"href":"https:\/\/pcf08.com\/index.php\/wp-json\/wp\/v2\/media?parent=2431"}],"wp:term":[{"taxonomy":"category","embeddable":true,"href":"https:\/\/pcf08.com\/index.php\/wp-json\/wp\/v2\/categories?post=2431"},{"taxonomy":"post_tag","embeddable":true,"href":"https:\/\/pcf08.com\/index.php\/wp-json\/wp\/v2\/tags?post=2431"}],"curies":[{"name":"wp","href":"https:\/\/api.w.org\/{rel}","templated":true}]}}